{"id":10,"date":"2004-01-15T10:41:36","date_gmt":"2004-01-15T10:41:36","guid":{"rendered":"http:\/\/junjan.org\/wordpress\/?p=10"},"modified":"2018-02-24T16:46:26","modified_gmt":"2018-02-24T15:46:26","slug":"a_ver_si_empiezan_a_caer_curas","status":"publish","type":"post","link":"https:\/\/junjan.org\/wordpress\/2004\/01\/a_ver_si_empiezan_a_caer_curas\/","title":{"rendered":"A ver si empiezan a caer curas"},"content":{"rendered":"<p><a title=\"ELPAIS.es - Opini\u00f3n - Sentencia ejemplar\" href=\"http:\/\/www.elpais.es\/articuloCompleto.html?d_date=20040115&amp;xref=20040115elpepiopi_2&amp;type=Tes&amp;anchor=elpporopi\">ELPAIS.es &#8211; Opini\u00f3n &#8211; Sentencia ejemplar<\/a><\/p>\n<blockquote><p>La apolog\u00eda de la violencia llamada de g\u00e9nero ha sido objeto por primera vez de una condena judicial en Espa\u00f1a. El imam de Fuengirola, Mohamed Kamal, ha sido condenado por un juzgado de Barcelona a un a\u00f1o y tres meses de prisi\u00f3n por un delito de provocaci\u00f3n a la violencia por raz\u00f3n de sexo -incorporado al C\u00f3digo Penal en 1995-, cometido mediante un libro, La mujer en el islam, en el que instru\u00eda sobre c\u00f3mo pegar a las mujeres sin dejar rastro.<\/p><\/blockquote>\n<p>Ya era hora que la intolerancia religiosa se empezara a condenar desde el estado (supuestamente laico). De todas maneras es ir\u00f3nico que se condene a un predicador musulm\u00e1n. \u00bfQu\u00e9 pasa con la iglesia cat\u00f3lica? \u00bfQu\u00e9 pasa con las organizaciones ultraconservadoras cat\u00f3licas? \u00bfPorqu\u00e9 nadie denuncia art\u00edculos catequ\u00edsticos del Opus dei o los legionarios de Cristo? No veo quejas en las calles contra la signatura de religi\u00f3n obligatoria.<\/p>\n<p><a href=\"http:\/\/junjan.org\/wordpress\/wp-content\/uploads\/2011\/06\/CNT_campana_religion.jpg\"><img loading=\"lazy\" decoding=\"async\" class=\"alignleft size-full wp-image-1595\" src=\"http:\/\/junjan.org\/wordpress\/wp-content\/uploads\/2011\/06\/CNT_campana_religion.jpg\" alt=\"\" width=\"350\" height=\"250\" srcset=\"https:\/\/junjan.org\/wordpress\/wp-content\/uploads\/2011\/06\/CNT_campana_religion.jpg 350w, https:\/\/junjan.org\/wordpress\/wp-content\/uploads\/2011\/06\/CNT_campana_religion-300x214.jpg 300w, https:\/\/junjan.org\/wordpress\/wp-content\/uploads\/2011\/06\/CNT_campana_religion-150x107.jpg 150w\" sizes=\"auto, (max-width: 350px) 100vw, 350px\" \/><\/a><\/p>\n<p>&nbsp;<\/p>\n","protected":false},"excerpt":{"rendered":"<p>ELPAIS.es &#8211; Opini\u00f3n &#8211; Sentencia ejemplar La apolog\u00eda de la violencia llamada de g\u00e9nero ha sido objeto por primera vez de una condena judicial en Espa\u00f1a. El imam de Fuengirola, Mohamed Kamal, ha sido condenado por un juzgado de Barcelona a un a\u00f1o y tres meses de prisi\u00f3n por un delito de provocaci\u00f3n a la&hellip;&nbsp;<a href=\"https:\/\/junjan.org\/wordpress\/2004\/01\/a_ver_si_empiezan_a_caer_curas\/\" rel=\"bookmark\">Leer m\u00e1s &raquo;<span class=\"screen-reader-text\">A ver si empiezan a caer curas<\/span><\/a><\/p>\n","protected":false},"author":1,"featured_media":0,"comment_status":"open","ping_status":"open","sticky":false,"template":"","format":"standard","meta":{"neve_meta_sidebar":"","neve_meta_container":"","neve_meta_enable_content_width":"","neve_meta_content_width":0,"neve_meta_title_alignment":"","neve_meta_author_avatar":"","neve_post_elements_order":"","neve_meta_disable_header":"","neve_meta_disable_footer":"","neve_meta_disable_title":"","footnotes":""},"categories":[5],"tags":[801,954,517,484],"class_list":["post-10","post","type-post","status-publish","format-standard","hentry","category-actualidad","tag-educacion","tag-escuela","tag-laicismo","tag-religion"],"_links":{"self":[{"href":"https:\/\/junjan.org\/wordpress\/wp-json\/wp\/v2\/posts\/10","targetHints":{"allow":["GET"]}}],"collection":[{"href":"https:\/\/junjan.org\/wordpress\/wp-json\/wp\/v2\/posts"}],"about":[{"href":"https:\/\/junjan.org\/wordpress\/wp-json\/wp\/v2\/types\/post"}],"author":[{"embeddable":true,"href":"https:\/\/junjan.org\/wordpress\/wp-json\/wp\/v2\/users\/1"}],"replies":[{"embeddable":true,"href":"https:\/\/junjan.org\/wordpress\/wp-json\/wp\/v2\/comments?post=10"}],"version-history":[{"count":2,"href":"https:\/\/junjan.org\/wordpress\/wp-json\/wp\/v2\/posts\/10\/revisions"}],"predecessor-version":[{"id":2467,"href":"https:\/\/junjan.org\/wordpress\/wp-json\/wp\/v2\/posts\/10\/revisions\/2467"}],"wp:attachment":[{"href":"https:\/\/junjan.org\/wordpress\/wp-json\/wp\/v2\/media?parent=10"}],"wp:term":[{"taxonomy":"category","embeddable":true,"href":"https:\/\/junjan.org\/wordpress\/wp-json\/wp\/v2\/categories?post=10"},{"taxonomy":"post_tag","embeddable":true,"href":"https:\/\/junjan.org\/wordpress\/wp-json\/wp\/v2\/tags?post=10"}],"curies":[{"name":"wp","href":"https:\/\/api.w.org\/{rel}","templated":true}]}}