{"id":1011,"date":"2009-02-25T12:35:52","date_gmt":"2009-02-25T12:35:52","guid":{"rendered":"http:\/\/junjan.org\/wordpress\/?p=1011"},"modified":"2009-02-25T12:35:52","modified_gmt":"2009-02-25T12:35:52","slug":"erased","status":"publish","type":"post","link":"https:\/\/junjan.org\/wordpress\/2009\/02\/erased\/","title":{"rendered":"Erased"},"content":{"rendered":"<p>\u00abAlberto Arce\u00bb:http:\/\/www.google.com\/custom?hl=en&#038;client=google-coop&#038;cof=AH:left%3BCX:Junjan%252Eorg%3BL:http:\/\/www.junjan.org\/images\/minilogo1.png%3BLH:15%3BLP:1%3BVLC:%23551a8b%3BGFNT:%23666666%3BDIV:%23cccccc%3B&#038;cx=008127472518953971569:mir45af2zm4&#038;adkw=AELymgVR5s0rXtW1H1EAgKzybXTn9XwCpEc1KuFsknNuJQ257GH2DsTGGmozAK6iPz6BwJyLYxSdcxISSIGXfF0XZ0E1aiWgw3x_2NfVbMpAvz2-aT192Q4&#038;ei=_CylSZvyEuTCjAfa96HFBQ&#038;sa=X&#038;oi=spell&#038;resnum=0&#038;ct=result&#038;cd=1&#038;q=alberto+arce&#038;spell=1 era uno de mis articulistas favoritos cuando escrib\u00eda hace ya unos a\u00f1os en \u00ab[\u00abLa Insignia\u00bb:http:\/\/www.lainsignia.org\/]\u00bb sus experiencias como brigadista en Palestina. De esas experiencias sali\u00f3 adem\u00e1s el soberbio documental \u00ab[\u00abNablus, la ciudad fantasma\u00bb:http:\/\/www.youtube.com\/watch?v=Q7bTohgVaJ0]\u00bb, en colaboraci\u00f3n con Mar\u00eda Moreno.<br \/>\nAlberto sigue en la brecha y ahora acaba de publicar, en colaboraci\u00f3n con Miguel Llorens, el documental **\u00bbErased. Wipe off the map\u00bb**:<br \/>\nbq. El 19 de diciembre de 2008, el movimiento Free Gaza zarp\u00f3 desde Chipre en direcci\u00f3n a Palestina. Nuestro objetivo era romper el bloqueo israel\u00ed sobre la franja de Gaza. Fuimos los \u00faltimos extranjeros que lograron entrar y quedarse en Gaza. Nos vimos envueltos en algo que nadie se esperaba.<br \/>\nSe puede ver un trailer en la [\u00abp\u00e1gina web\u00bb:http:\/\/www.wipeoffthemap.com\/] del documental.<br \/>\n**Actualizaci\u00f3n:**<br \/>\nObservo que los art\u00edculos que escribi\u00f3 Alberto Arce en \u00abLa Insignia\u00bb en 2004 han desparecido de su servidor, puede que por falta de espacio. Intentar\u00e9 colgarlos aqu\u00ed desde mis archivos&#8230;.<\/p>\n","protected":false},"excerpt":{"rendered":"<p>\u00abAlberto Arce\u00bb:http:\/\/www.google.com\/custom?hl=en&#038;client=google-coop&#038;cof=AH:left%3BCX:Junjan%252Eorg%3BL:http:\/\/www.junjan.org\/images\/minilogo1.png%3BLH:15%3BLP:1%3BVLC:%23551a8b%3BGFNT:%23666666%3BDIV:%23cccccc%3B&#038;cx=008127472518953971569:mir45af2zm4&#038;adkw=AELymgVR5s0rXtW1H1EAgKzybXTn9XwCpEc1KuFsknNuJQ257GH2DsTGGmozAK6iPz6BwJyLYxSdcxISSIGXfF0XZ0E1aiWgw3x_2NfVbMpAvz2-aT192Q4&#038;ei=_CylSZvyEuTCjAfa96HFBQ&#038;sa=X&#038;oi=spell&#038;resnum=0&#038;ct=result&#038;cd=1&#038;q=alberto+arce&#038;spell=1 era uno de mis articulistas favoritos cuando escrib\u00eda hace ya unos a\u00f1os en \u00ab[\u00abLa Insignia\u00bb:http:\/\/www.lainsignia.org\/]\u00bb sus experiencias como brigadista en Palestina. De esas experiencias sali\u00f3 adem\u00e1s el soberbio documental \u00ab[\u00abNablus, la ciudad fantasma\u00bb:http:\/\/www.youtube.com\/watch?v=Q7bTohgVaJ0]\u00bb, en colaboraci\u00f3n con Mar\u00eda Moreno. Alberto sigue en la brecha y ahora acaba de publicar, en colaboraci\u00f3n con Miguel Llorens,&hellip;&nbsp;<a href=\"https:\/\/junjan.org\/wordpress\/2009\/02\/erased\/\" rel=\"bookmark\">Leer m\u00e1s &raquo;<span class=\"screen-reader-text\">Erased<\/span><\/a><\/p>\n","protected":false},"author":1,"featured_media":0,"comment_status":"open","ping_status":"open","sticky":false,"template":"","format":"standard","meta":{"neve_meta_sidebar":"","neve_meta_container":"","neve_meta_enable_content_width":"","neve_meta_content_width":0,"neve_meta_title_alignment":"","neve_meta_author_avatar":"","neve_post_elements_order":"","neve_meta_disable_header":"","neve_meta_disable_footer":"","neve_meta_disable_title":"","footnotes":""},"categories":[5,28],"tags":[429],"class_list":["post-1011","post","type-post","status-publish","format-standard","hentry","category-actualidad","category-derechos","tag-alberto-arce-palestina-gaza-israel"],"_links":{"self":[{"href":"https:\/\/junjan.org\/wordpress\/wp-json\/wp\/v2\/posts\/1011","targetHints":{"allow":["GET"]}}],"collection":[{"href":"https:\/\/junjan.org\/wordpress\/wp-json\/wp\/v2\/posts"}],"about":[{"href":"https:\/\/junjan.org\/wordpress\/wp-json\/wp\/v2\/types\/post"}],"author":[{"embeddable":true,"href":"https:\/\/junjan.org\/wordpress\/wp-json\/wp\/v2\/users\/1"}],"replies":[{"embeddable":true,"href":"https:\/\/junjan.org\/wordpress\/wp-json\/wp\/v2\/comments?post=1011"}],"version-history":[{"count":0,"href":"https:\/\/junjan.org\/wordpress\/wp-json\/wp\/v2\/posts\/1011\/revisions"}],"wp:attachment":[{"href":"https:\/\/junjan.org\/wordpress\/wp-json\/wp\/v2\/media?parent=1011"}],"wp:term":[{"taxonomy":"category","embeddable":true,"href":"https:\/\/junjan.org\/wordpress\/wp-json\/wp\/v2\/categories?post=1011"},{"taxonomy":"post_tag","embeddable":true,"href":"https:\/\/junjan.org\/wordpress\/wp-json\/wp\/v2\/tags?post=1011"}],"curies":[{"name":"wp","href":"https:\/\/api.w.org\/{rel}","templated":true}]}}