{"id":1018,"date":"2009-08-09T14:00:58","date_gmt":"2009-08-09T14:00:58","guid":{"rendered":"http:\/\/junjan.org\/wordpress\/?p=1018"},"modified":"2011-06-24T11:08:43","modified_gmt":"2011-06-24T09:08:43","slug":"decoro_y_3","status":"publish","type":"post","link":"https:\/\/junjan.org\/wordpress\/2009\/08\/decoro_y_3\/","title":{"rendered":"Decoro (y 3)"},"content":{"rendered":"<p>Otro verano, y como en \u00ab<a href=\"http:\/\/www.youtube.com\/watch?v=eZbtAFq7dP8\" target=\"_blank\">el d\u00eda de la marmota<\/a>\u00ab, otra vez lo mismo. Repetimos. Vuelve otro a\u00f1o la iniciativa \u00ab<a href=\"http:\/\/www.hazteoir.org\/playasfamiliares\/\" target=\"_blank\">Playas Familiares<\/a>\u00bb del grupo cristianista Hazteoir. Quieren que en las playas exista \u00abdecoro\u00bb para que ellos puedan usarlas, y como ellos son los \u00fanicos que merecen el nombre de \u00ab<a href=\"http:\/\/blogs.hazteoir.org\/hopordentro\/2009\/07\/20\/playas-familiares-para-ciudadanos-de-calidad\/\" target=\"_blank\">familia de calidad<\/a>\u00ab, pues eso, \u00abplayas familiares\u00bb.<br \/>\n<a href=\"http:\/\/junjan.org\/wordpress\/wp-content\/uploads\/2011\/06\/Chicas_OJ.jpg\"><img loading=\"lazy\" decoding=\"async\" class=\"alignleft size-medium wp-image-1604\" title=\"Chicas_OJ\" src=\"http:\/\/junjan.org\/wordpress\/wp-content\/uploads\/2011\/06\/Chicas_OJ-249x300.jpg\" alt=\"\" width=\"249\" height=\"300\" srcset=\"https:\/\/junjan.org\/wordpress\/wp-content\/uploads\/2011\/06\/Chicas_OJ-249x300.jpg 249w, https:\/\/junjan.org\/wordpress\/wp-content\/uploads\/2011\/06\/Chicas_OJ-124x150.jpg 124w, https:\/\/junjan.org\/wordpress\/wp-content\/uploads\/2011\/06\/Chicas_OJ.jpg 400w\" sizes=\"auto, (max-width: 249px) 100vw, 249px\" \/><\/a><br \/>\nDice el diccionario de la Real Academia que el \u201cdecoro\u201d es el honor, respeto, reverencia que se debe a una persona por su nacimiento o dignidad, siendo adem\u00e1s sin\u00f3nimo de circunspecci\u00f3n, gravedad, pureza, honestidad, recato, honra, pundonor y estimaci\u00f3n. Se usa com\u00fanmente en la frase \u201cguardar el decoro\u201d, significando \u201ccomportarse con arreglo a la propia condici\u00f3n social\u201d. Suena a rancio el decoro. Como el \u201cpudor\u201d, huele mal el decoro. Hiede. Trae fragancias del pasado, a colegios de ni\u00f1os y colegios de ni\u00f1as, a bragas hasta la cintura, a ba\u00f1adores de cuerpo entero desde los dos a\u00f1os, a miradas furtivas, a deseos ocultos.<br \/>\nMe producen gran repulsi\u00f3n estos cristianistas practicantes. Al igual que los islamistas, o los neonazis la seguridad que emanan huele a podrido, hiede, atufa. Cuando hablan de playas \u00ablimpias\u00bb se les ve la \u00absuciedad\u00bb de sus pensamientos; cuando hablan de \u00abciudadanos de calidad\u00bb se les ve el trasfondo, la segregaci\u00f3n, la xenofobia. Asco.<\/p>\n","protected":false},"excerpt":{"rendered":"<p>Otro verano, y como en \u00abel d\u00eda de la marmota\u00ab, otra vez lo mismo. Repetimos. Vuelve otro a\u00f1o la iniciativa \u00abPlayas Familiares\u00bb del grupo cristianista Hazteoir. Quieren que en las playas exista \u00abdecoro\u00bb para que ellos puedan usarlas, y como ellos son los \u00fanicos que merecen el nombre de \u00abfamilia de calidad\u00ab, pues eso, \u00abplayas&hellip;&nbsp;<a href=\"https:\/\/junjan.org\/wordpress\/2009\/08\/decoro_y_3\/\" rel=\"bookmark\">Leer m\u00e1s &raquo;<span class=\"screen-reader-text\">Decoro (y 3)<\/span><\/a><\/p>\n","protected":false},"author":1,"featured_media":0,"comment_status":"open","ping_status":"open","sticky":false,"template":"","format":"standard","meta":{"neve_meta_sidebar":"","neve_meta_container":"","neve_meta_enable_content_width":"","neve_meta_content_width":0,"neve_meta_title_alignment":"","neve_meta_author_avatar":"","neve_post_elements_order":"","neve_meta_disable_header":"","neve_meta_disable_footer":"","neve_meta_disable_title":"","footnotes":""},"categories":[28,84],"tags":[800,797,275,791,796,798],"class_list":["post-1018","post","type-post","status-publish","format-standard","hentry","category-derechos","category-divagaciones","tag-cristianista","tag-decoro","tag-hazteoir","tag-integrismo","tag-playas","tag-puritanismo"],"_links":{"self":[{"href":"https:\/\/junjan.org\/wordpress\/wp-json\/wp\/v2\/posts\/1018","targetHints":{"allow":["GET"]}}],"collection":[{"href":"https:\/\/junjan.org\/wordpress\/wp-json\/wp\/v2\/posts"}],"about":[{"href":"https:\/\/junjan.org\/wordpress\/wp-json\/wp\/v2\/types\/post"}],"author":[{"embeddable":true,"href":"https:\/\/junjan.org\/wordpress\/wp-json\/wp\/v2\/users\/1"}],"replies":[{"embeddable":true,"href":"https:\/\/junjan.org\/wordpress\/wp-json\/wp\/v2\/comments?post=1018"}],"version-history":[{"count":3,"href":"https:\/\/junjan.org\/wordpress\/wp-json\/wp\/v2\/posts\/1018\/revisions"}],"predecessor-version":[{"id":1718,"href":"https:\/\/junjan.org\/wordpress\/wp-json\/wp\/v2\/posts\/1018\/revisions\/1718"}],"wp:attachment":[{"href":"https:\/\/junjan.org\/wordpress\/wp-json\/wp\/v2\/media?parent=1018"}],"wp:term":[{"taxonomy":"category","embeddable":true,"href":"https:\/\/junjan.org\/wordpress\/wp-json\/wp\/v2\/categories?post=1018"},{"taxonomy":"post_tag","embeddable":true,"href":"https:\/\/junjan.org\/wordpress\/wp-json\/wp\/v2\/tags?post=1018"}],"curies":[{"name":"wp","href":"https:\/\/api.w.org\/{rel}","templated":true}]}}