{"id":1021,"date":"2009-08-23T19:03:54","date_gmt":"2009-08-23T19:03:54","guid":{"rendered":"http:\/\/junjan.org\/wordpress\/?p=1021"},"modified":"2009-08-23T19:03:54","modified_gmt":"2009-08-23T19:03:54","slug":"irlanda_vuelve_a_la_edad_media","status":"publish","type":"post","link":"https:\/\/junjan.org\/wordpress\/2009\/08\/irlanda_vuelve_a_la_edad_media\/","title":{"rendered":"Irlanda vuelve a la Edad Media"},"content":{"rendered":"<p>El gobierno irland\u00e9s va a aprobar la \u00abreforma de la ley de difamaci\u00f3n\u00bb:http:\/\/www.irishtimes.com\/newspaper\/ireland\/2009\/0626\/1224249573418.html que incluye entre sus \u00abpreceptos\u00bb una nueva legislaci\u00f3n que penaliza la \u00abblasfemia\u00bb:http:\/\/rae2.es\/blasfemia con multas de hasta 25.000 euros, entendida como todo aquello que insulte intencionadamente aquello que sea considerado \u00absagrado\u00bb por cualquier religi\u00f3n y que por lo tanto sea una \u00abafrenta\u00bb para un n\u00famero sustancial de adeptos a la susodicha religi\u00f3n. \u00abAdem\u00e1s\u00bb:http:\/\/www.calgaryherald.com\/life\/Ireland+blasphemy+labeled+return+Middle+Ages\/1922182\/story.html la polic\u00eda podr\u00e1 usar la \u00abfuerza necesaria\u00bb para obtener pruebas incriminatorias. En otras palabras, como dice [\u00abRichard Dawkins\u00bb:http:\/\/www.irishtimes.com\/newspaper\/ireland\/2009\/0713\/1224250543694.html], Irlanda vuelve a Edad Media, los blasfemos en vez de ser sometidos a la ira del populacho en la plaza p\u00fablica, ser\u00e1n multados, pero el concepto es el mismo, limitaci\u00f3n de la libertad de expresi\u00f3n y censura, la religi\u00f3n por encima de la sociedad civil.<br \/>\nPues nada, a\u00f1adiremos Irlanda a la \u00ablarga\u00bb lista de pa\u00edses donde no podr\u00e9 llevar mi camisa de \u00abateo\u00bb y donde s\u00f3lo podremos hablar del tiempo, de la cerveza y de la eterna discusi\u00f3n sobre si el whisky irland\u00e9s y el escoc\u00e9s son o no lo mismo&#8230; \u00bfEs esto compatible con la pertenencia a comunidad europea? En mi opini\u00f3n no&#8230;<\/p>\n","protected":false},"excerpt":{"rendered":"<p>El gobierno irland\u00e9s va a aprobar la \u00abreforma de la ley de difamaci\u00f3n\u00bb:http:\/\/www.irishtimes.com\/newspaper\/ireland\/2009\/0626\/1224249573418.html que incluye entre sus \u00abpreceptos\u00bb una nueva legislaci\u00f3n que penaliza la \u00abblasfemia\u00bb:http:\/\/rae2.es\/blasfemia con multas de hasta 25.000 euros, entendida como todo aquello que insulte intencionadamente aquello que sea considerado \u00absagrado\u00bb por cualquier religi\u00f3n y que por lo tanto sea una \u00abafrenta\u00bb para&hellip;&nbsp;<a href=\"https:\/\/junjan.org\/wordpress\/2009\/08\/irlanda_vuelve_a_la_edad_media\/\" rel=\"bookmark\">Leer m\u00e1s &raquo;<span class=\"screen-reader-text\">Irlanda vuelve a la Edad Media<\/span><\/a><\/p>\n","protected":false},"author":1,"featured_media":0,"comment_status":"open","ping_status":"open","sticky":false,"template":"","format":"standard","meta":{"neve_meta_sidebar":"","neve_meta_container":"","neve_meta_enable_content_width":"","neve_meta_content_width":0,"neve_meta_title_alignment":"","neve_meta_author_avatar":"","neve_post_elements_order":"","neve_meta_disable_header":"","neve_meta_disable_footer":"","neve_meta_disable_title":"","footnotes":""},"categories":[5,81],"tags":[438],"class_list":["post-1021","post","type-post","status-publish","format-standard","hentry","category-actualidad","category-revista-de-prensa","tag-irlanda-blasfemia-religion-richard-dawkins-edad-media"],"_links":{"self":[{"href":"https:\/\/junjan.org\/wordpress\/wp-json\/wp\/v2\/posts\/1021","targetHints":{"allow":["GET"]}}],"collection":[{"href":"https:\/\/junjan.org\/wordpress\/wp-json\/wp\/v2\/posts"}],"about":[{"href":"https:\/\/junjan.org\/wordpress\/wp-json\/wp\/v2\/types\/post"}],"author":[{"embeddable":true,"href":"https:\/\/junjan.org\/wordpress\/wp-json\/wp\/v2\/users\/1"}],"replies":[{"embeddable":true,"href":"https:\/\/junjan.org\/wordpress\/wp-json\/wp\/v2\/comments?post=1021"}],"version-history":[{"count":0,"href":"https:\/\/junjan.org\/wordpress\/wp-json\/wp\/v2\/posts\/1021\/revisions"}],"wp:attachment":[{"href":"https:\/\/junjan.org\/wordpress\/wp-json\/wp\/v2\/media?parent=1021"}],"wp:term":[{"taxonomy":"category","embeddable":true,"href":"https:\/\/junjan.org\/wordpress\/wp-json\/wp\/v2\/categories?post=1021"},{"taxonomy":"post_tag","embeddable":true,"href":"https:\/\/junjan.org\/wordpress\/wp-json\/wp\/v2\/tags?post=1021"}],"curies":[{"name":"wp","href":"https:\/\/api.w.org\/{rel}","templated":true}]}}