{"id":1024,"date":"2009-10-04T11:34:28","date_gmt":"2009-10-04T09:34:28","guid":{"rendered":"http:\/\/junjan.org\/wordpress\/?p=1024"},"modified":"2012-07-19T20:00:52","modified_gmt":"2012-07-19T18:00:52","slug":"politica_cientifica_futbolera","status":"publish","type":"post","link":"https:\/\/junjan.org\/wordpress\/2009\/10\/politica_cientifica_futbolera\/","title":{"rendered":"\u00bfPol\u00edtica cient\u00edfica?"},"content":{"rendered":"<p>Como un \u00e1rbol centenario, el desarrollo de la ciencia de un pa\u00eds requiere mucho tiempo y una inversi\u00f3n continuada, sin prisa y sin pausa. En Espa\u00f1a, la ciencia nunca ha interesado politicamente, es un proceso demasiado largo y aburrido, s\u00f3lo se puede usar en las campa\u00f1as electorales para dar una p\u00e1tina de seriedad al programa electoral, pero no da demasiado juego posteriormente porque no se puede mostrar y no sale en la foto tan bien como los pantanos, las autopistas, los aeropuertos o las olimpiadas.<br \/>\nSalvo por la excepci\u00f3n de un pu\u00f1ado de cient\u00edficos \u00abestrella\u00bb que son capaces de personalizar \u00abLa Ciencia\u00bb para al gran p\u00fablico, y que son usados \u00e1vidamente por la clase pol\u00edtica para demostrar al electorado que puede estar tranquilo porque sus impuestos sirven para algo, el resto somos prescindibles. Espa\u00f1a no tiene pol\u00edtica cient\u00edfica a largo plazo, premia a las estrellas para salir en la prensa, pero abandona la cantera. El surrealismo es evidente. Los nuevos presupuestos de I+D <a href=\"http:\/\/www.elpais.com\/articulo\/sociedad\/ciencia\/victima\/presupuesto\/elpepusoc\/20091004elpepisoc_3\/Tes\" target=\"_blank\">reducen la partida general<\/a>\u00a0de donde se nutren la casi totalidad de los grupos de investigaci\u00f3n b\u00e1sica de Espa\u00f1a sin pesta\u00f1ear, y por otro lado aumentan los cr\u00e9ditos (de dudosa utilidad) y mantienen partidas poco transparentes como las del Plan E.<\/p>\n<p>Los recortes individuales a algunas instituciones son realmente escandalosos. Las promesas electorales son papel mojado y se incumplen \u00ab<a href=\"http:\/\/junjan.org\/wordpress\/?p=626\" target=\"_blank\">a\u00f1o<\/a>\u00bb tras \u00ab<a href=\"http:\/\/junjan.org\/wordpress\/?p=310\" target=\"_blank\">a\u00f1o<\/a>\u00ab, no pasa nada, s\u00f3lo hay que salir en la foto con una <a href=\"http:\/\/www.forumlibertas.com\/adjuntos\/fichero_8092_20060519.jpg\" target=\"_blank\">bata verde<\/a>: de vez en cuando, o darle bombo cuando alguno de nuestros centros de investigaci\u00f3n o universidad sale en alguna lista mundial gracias a alguna triqui\u00f1uela estad\u00edstica, para que el gran publico crea que todo sigue en orden. BULLSHIT! Espa\u00f1a sigue sin entrar en la \u00e9lite, la carrera cient\u00edfica es inexistente, los grupos de investigaci\u00f3n tienen que dedicar gran parte de su tiempo y capacidad a la b\u00fasqueda de dinero y a una burocracia sin fin.<br \/>\nLos cient\u00edficos por nuestra propia naturaleza, somos un colectivo totalmente desorganizado, no tenemos sindicatos, no nos quemamos a lo bonzo, no hacemos huelgas de hambre, no quemamos neum\u00e1ticos en las autopistas, nuestras putativas huelgas no afectar\u00edan a nadie, en definitiva, somos an\u00f3nimos, no tenemos voz y por lo tanto nuestras quejas son tambi\u00e9n an\u00f3nimas. Si, salen algunas cartas publicadas el los peri\u00f3dicos, o se dedica alguna p\u00e1gina interior o un minutillo en el informativo de \u00abLa 2\u00bb al malestar de los cient\u00edficos, pero poca cosa, porque para la prensa, la pol\u00edtica cient\u00edfica tampoco es interesante. S\u00f3lo interesa alguna foto bonita, anecdotarios, o cuando alg\u00fan heroico grupo consigue publicar en \u00abNature\u00bb o \u00abScience\u00bb&#8230; A pesar de todo&#8230;<br \/>\nYa se que no servir\u00e1 para nada, pero si pod\u00e9is, uniros a la siguiente iniciativa. Por lo menos tendremos alg\u00fan minutillo m\u00e1s en alguna televisi\u00f3n local&#8230;<br \/>\n<span class=\"mt-enclosure mt-enclosure-image\" style=\"display: inline;\"><a href=\"http:\/\/www.junjan.org\/weblog\/images\/recorteID.jpg\"><img loading=\"lazy\" decoding=\"async\" class=\"mt-image-none\" src=\"http:\/\/www.junjan.org\/weblog\/assets_c\/2009\/10\/recorteID-thumb-400x400.jpg\" alt=\"recorteID.jpg\" width=\"400\" height=\"400\" \/><\/a><\/span><\/p>\n<p><a href=\"http:\/\/aldea-irreductible.blogspot.com\/2009\/10\/la-ciencia-en-espana-no-necesita.html\" target=\"_blank\">No al recorte en I+D<\/a><\/p>\n","protected":false},"excerpt":{"rendered":"<p>Como un \u00e1rbol centenario, el desarrollo de la ciencia de un pa\u00eds requiere mucho tiempo y una inversi\u00f3n continuada, sin prisa y sin pausa. En Espa\u00f1a, la ciencia nunca ha interesado politicamente, es un proceso demasiado largo y aburrido, s\u00f3lo se puede usar en las campa\u00f1as electorales para dar una p\u00e1tina de seriedad al programa&hellip;&nbsp;<a href=\"https:\/\/junjan.org\/wordpress\/2009\/10\/politica_cientifica_futbolera\/\" rel=\"bookmark\">Leer m\u00e1s &raquo;<span class=\"screen-reader-text\">\u00bfPol\u00edtica cient\u00edfica?<\/span><\/a><\/p>\n","protected":false},"author":1,"featured_media":0,"comment_status":"open","ping_status":"open","sticky":false,"template":"","format":"standard","meta":{"neve_meta_sidebar":"","neve_meta_container":"","neve_meta_enable_content_width":"","neve_meta_content_width":0,"neve_meta_title_alignment":"","neve_meta_author_avatar":"","neve_post_elements_order":"","neve_meta_disable_header":"","neve_meta_disable_footer":"","neve_meta_disable_title":"","footnotes":""},"categories":[43],"tags":[214,607,567,605,845],"class_list":["post-1024","post","type-post","status-publish","format-standard","hentry","category-ciencia","tag-ciencia-2","tag-id","tag-politica-cientifica","tag-precariedad","tag-recortes"],"_links":{"self":[{"href":"https:\/\/junjan.org\/wordpress\/wp-json\/wp\/v2\/posts\/1024","targetHints":{"allow":["GET"]}}],"collection":[{"href":"https:\/\/junjan.org\/wordpress\/wp-json\/wp\/v2\/posts"}],"about":[{"href":"https:\/\/junjan.org\/wordpress\/wp-json\/wp\/v2\/types\/post"}],"author":[{"embeddable":true,"href":"https:\/\/junjan.org\/wordpress\/wp-json\/wp\/v2\/users\/1"}],"replies":[{"embeddable":true,"href":"https:\/\/junjan.org\/wordpress\/wp-json\/wp\/v2\/comments?post=1024"}],"version-history":[{"count":4,"href":"https:\/\/junjan.org\/wordpress\/wp-json\/wp\/v2\/posts\/1024\/revisions"}],"predecessor-version":[{"id":2123,"href":"https:\/\/junjan.org\/wordpress\/wp-json\/wp\/v2\/posts\/1024\/revisions\/2123"}],"wp:attachment":[{"href":"https:\/\/junjan.org\/wordpress\/wp-json\/wp\/v2\/media?parent=1024"}],"wp:term":[{"taxonomy":"category","embeddable":true,"href":"https:\/\/junjan.org\/wordpress\/wp-json\/wp\/v2\/categories?post=1024"},{"taxonomy":"post_tag","embeddable":true,"href":"https:\/\/junjan.org\/wordpress\/wp-json\/wp\/v2\/tags?post=1024"}],"curies":[{"name":"wp","href":"https:\/\/api.w.org\/{rel}","templated":true}]}}