{"id":1025,"date":"2009-10-07T13:12:33","date_gmt":"2009-10-07T11:12:33","guid":{"rendered":"http:\/\/junjan.org\/wordpress\/?p=1025"},"modified":"2011-05-24T19:55:09","modified_gmt":"2011-05-24T17:55:09","slug":"no_al_recorte_del_presupuesto_en_idi","status":"publish","type":"post","link":"https:\/\/junjan.org\/wordpress\/2009\/10\/no_al_recorte_del_presupuesto_en_idi\/","title":{"rendered":"No al recorte del presupuesto en I+D+i"},"content":{"rendered":"<p>El hist\u00f3rico abandono de la ciencia en Espa\u00f1a hab\u00eda remitido en los \u00faltimos quince a\u00f1os. El establecimiento de nuevos centros de investigaci\u00f3n, los aumentos presupuestarios, la creaci\u00f3n de algunas figuras contractuales como el programa \u00abRam\u00f3n y Cajal\u00bb y derivados, todo ello permiti\u00f3 un nuevo florecimiento cient\u00edfico y el retorno de muchos  investigadores desde el extranjero. Parec\u00eda que todo empezaba a cambiar poco a poco, lentamente si, con un dise\u00f1o que fallaba en muchos casos, con la eterna lucha contra la endogamia y el apoltronamiento, pero hab\u00eda esperanza.<br \/>\nSin embargo, quedaba por pasar \u00abla prueba de fuego\u00bb. Demostrar que todo esto era un plan de futuro real, que por fin la clase pol\u00edtica espa\u00f1ola se hab\u00eda percatado de que la ciencia y la innovaci\u00f3n eran imprescindibles, que no todo lo pod\u00edan \u00abinventar ellos\u00bb, en definitiva, demostrar que no era un efecto secundario de una \u00e9poca de vacas gordas. Nos quedaba pasar una crisis.<br \/>\nLa ocasi\u00f3n se ha presentado y el resultado es tristemente el esperable. Se reducen los presupuestos de I+D+i, adem\u00e1s con subterfugios, maquillando la reducci\u00f3n escandalosa de la investigaci\u00f3n b\u00e1sica con una subida de cr\u00e9ditos a empresas.<br \/>\n<span class=\"mt-enclosure mt-enclosure-image\" style=\"display: inline;\"><a href=\"http:\/\/www.junjan.org\/weblog\/images\/recorteID.jpg\"><img loading=\"lazy\" decoding=\"async\" alt=\"recorteID.jpg\" src=\"http:\/\/www.junjan.org\/weblog\/assets_c\/2009\/10\/recorteID-thumb-400x400.jpg\" width=\"400\" height=\"400\" class=\"mt-image-none\" style=\"\" \/><\/a><\/span><br \/>\n\u00abNo al recorte en I+D\u00bb:http:\/\/aldea-irreductible.blogspot.com\/2009\/10\/la-ciencia-en-espana-no-necesita.html<\/p>\n","protected":false},"excerpt":{"rendered":"<p>El hist\u00f3rico abandono de la ciencia en Espa\u00f1a hab\u00eda remitido en los \u00faltimos quince a\u00f1os. El establecimiento de nuevos centros de investigaci\u00f3n, los aumentos presupuestarios, la creaci\u00f3n de algunas figuras contractuales como el programa \u00abRam\u00f3n y Cajal\u00bb y derivados, todo ello permiti\u00f3 un nuevo florecimiento cient\u00edfico y el retorno de muchos investigadores desde el extranjero.&hellip;&nbsp;<a href=\"https:\/\/junjan.org\/wordpress\/2009\/10\/no_al_recorte_del_presupuesto_en_idi\/\" rel=\"bookmark\">Leer m\u00e1s &raquo;<span class=\"screen-reader-text\">No al recorte del presupuesto en I+D+i<\/span><\/a><\/p>\n","protected":false},"author":1,"featured_media":0,"comment_status":"open","ping_status":"open","sticky":false,"template":"","format":"standard","meta":{"neve_meta_sidebar":"","neve_meta_container":"","neve_meta_enable_content_width":"","neve_meta_content_width":0,"neve_meta_title_alignment":"","neve_meta_author_avatar":"","neve_post_elements_order":"","neve_meta_disable_header":"","neve_meta_disable_footer":"","neve_meta_disable_title":"","footnotes":""},"categories":[1],"tags":[214,557,560,559,558],"class_list":["post-1025","post","type-post","status-publish","format-standard","hentry","category-uncategorized","tag-ciencia-2","tag-idi","tag-presupuestos","tag-recorte","tag-tijeras"],"_links":{"self":[{"href":"https:\/\/junjan.org\/wordpress\/wp-json\/wp\/v2\/posts\/1025","targetHints":{"allow":["GET"]}}],"collection":[{"href":"https:\/\/junjan.org\/wordpress\/wp-json\/wp\/v2\/posts"}],"about":[{"href":"https:\/\/junjan.org\/wordpress\/wp-json\/wp\/v2\/types\/post"}],"author":[{"embeddable":true,"href":"https:\/\/junjan.org\/wordpress\/wp-json\/wp\/v2\/users\/1"}],"replies":[{"embeddable":true,"href":"https:\/\/junjan.org\/wordpress\/wp-json\/wp\/v2\/comments?post=1025"}],"version-history":[{"count":1,"href":"https:\/\/junjan.org\/wordpress\/wp-json\/wp\/v2\/posts\/1025\/revisions"}],"predecessor-version":[{"id":1259,"href":"https:\/\/junjan.org\/wordpress\/wp-json\/wp\/v2\/posts\/1025\/revisions\/1259"}],"wp:attachment":[{"href":"https:\/\/junjan.org\/wordpress\/wp-json\/wp\/v2\/media?parent=1025"}],"wp:term":[{"taxonomy":"category","embeddable":true,"href":"https:\/\/junjan.org\/wordpress\/wp-json\/wp\/v2\/categories?post=1025"},{"taxonomy":"post_tag","embeddable":true,"href":"https:\/\/junjan.org\/wordpress\/wp-json\/wp\/v2\/tags?post=1025"}],"curies":[{"name":"wp","href":"https:\/\/api.w.org\/{rel}","templated":true}]}}