{"id":1026,"date":"2009-10-09T22:00:25","date_gmt":"2009-10-09T20:00:25","guid":{"rendered":"http:\/\/junjan.org\/wordpress\/?p=1026"},"modified":"2011-05-26T00:39:59","modified_gmt":"2011-05-25T22:39:59","slug":"en_pro_de_la_canonizacion_de_obama","status":"publish","type":"post","link":"https:\/\/junjan.org\/wordpress\/2009\/10\/en_pro_de_la_canonizacion_de_obama\/","title":{"rendered":"En pro de la canonizaci\u00f3n de Obama"},"content":{"rendered":"<p><span class=\"mt-enclosure mt-enclosure-image\" style=\"display: inline;\"><a href=\"http:\/\/www.junjan.org\/weblog\/images\/obama_mesias.jpg\"><img loading=\"lazy\" decoding=\"async\" alt=\"obama_mesias.jpg\" src=\"http:\/\/www.junjan.org\/weblog\/assets_c\/2009\/01\/obama_mesias-thumb-277x289.jpg\" width=\"277\" height=\"289\" class=\"mt-image-left\" style=\"float: left; margin: 0 20px 20px 0;\" \/><\/a><\/span>Signos nos han sido dados de que Obama es un Santo. Las \u00abcausas para la santidad\u00bb:http:\/\/www.publico.es\/internacional\/048352\/vaticano\/endurecera\/requisitos\/canonizacion son pr\u00edstinas. Benito no puede dudar, que no sea cat\u00f3lico es un detalle sin importancia.<br \/>\nPara empezar Obama es claramente \u00abvenerable\u00bb, s\u00f3lo hay que ver las filas que se montan para verle, es tan venerable por lo menos como los Rolling, y seguramente tiene \u00abvirtudes heroicas\u00bb suficientes para olvidarnos de que est\u00e9 vivo. Minucias.<br \/>\nYa que hemos reconocido su venerabilidad, pasemos a su grado de \u00abbeatitud\u00bb. Que le hayan dado el premio \u00abNobel de la paz\u00bb:http:\/\/www.publico.es\/internacional\/259151\/obama\/nobeldelapaz un a\u00f1o despu\u00e9s de llegar a la presidencia es claramente **un milagro**, requisito cumplido. Existen adem\u00e1s declaraciones de cientos de personas que afirman que tras asistir a un discurso de Obama han sido sanados de todas sus enfermedades mentales e incluso f\u00edsicas. Prodigios estos que avalan su santidad.<br \/>\nSolo falta que el Papa considere estos prodigios y canonice a Obama. \u00a1San Barak! Propongo adem\u00e1s que el d\u00eda de su elecci\u00f3n como presidente del imperio sea declarado fiesta universal.<br \/>\nAm\u00e9n.<\/p>\n","protected":false},"excerpt":{"rendered":"<p>Signos nos han sido dados de que Obama es un Santo. Las \u00abcausas para la santidad\u00bb:http:\/\/www.publico.es\/internacional\/048352\/vaticano\/endurecera\/requisitos\/canonizacion son pr\u00edstinas. Benito no puede dudar, que no sea cat\u00f3lico es un detalle sin importancia. Para empezar Obama es claramente \u00abvenerable\u00bb, s\u00f3lo hay que ver las filas que se montan para verle, es tan venerable por lo menos como&hellip;&nbsp;<a href=\"https:\/\/junjan.org\/wordpress\/2009\/10\/en_pro_de_la_canonizacion_de_obama\/\" rel=\"bookmark\">Leer m\u00e1s &raquo;<span class=\"screen-reader-text\">En pro de la canonizaci\u00f3n de Obama<\/span><\/a><\/p>\n","protected":false},"author":1,"featured_media":0,"comment_status":"open","ping_status":"open","sticky":false,"template":"","format":"standard","meta":{"neve_meta_sidebar":"","neve_meta_container":"","neve_meta_enable_content_width":"","neve_meta_content_width":0,"neve_meta_title_alignment":"","neve_meta_author_avatar":"","neve_post_elements_order":"","neve_meta_disable_header":"","neve_meta_disable_footer":"","neve_meta_disable_title":"","footnotes":""},"categories":[84],"tags":[712,713,585,714,711],"class_list":["post-1026","post","type-post","status-publish","format-standard","hentry","category-divagaciones","tag-canonizacion","tag-nobel","tag-obama","tag-paz","tag-santo"],"_links":{"self":[{"href":"https:\/\/junjan.org\/wordpress\/wp-json\/wp\/v2\/posts\/1026","targetHints":{"allow":["GET"]}}],"collection":[{"href":"https:\/\/junjan.org\/wordpress\/wp-json\/wp\/v2\/posts"}],"about":[{"href":"https:\/\/junjan.org\/wordpress\/wp-json\/wp\/v2\/types\/post"}],"author":[{"embeddable":true,"href":"https:\/\/junjan.org\/wordpress\/wp-json\/wp\/v2\/users\/1"}],"replies":[{"embeddable":true,"href":"https:\/\/junjan.org\/wordpress\/wp-json\/wp\/v2\/comments?post=1026"}],"version-history":[{"count":1,"href":"https:\/\/junjan.org\/wordpress\/wp-json\/wp\/v2\/posts\/1026\/revisions"}],"predecessor-version":[{"id":1357,"href":"https:\/\/junjan.org\/wordpress\/wp-json\/wp\/v2\/posts\/1026\/revisions\/1357"}],"wp:attachment":[{"href":"https:\/\/junjan.org\/wordpress\/wp-json\/wp\/v2\/media?parent=1026"}],"wp:term":[{"taxonomy":"category","embeddable":true,"href":"https:\/\/junjan.org\/wordpress\/wp-json\/wp\/v2\/categories?post=1026"},{"taxonomy":"post_tag","embeddable":true,"href":"https:\/\/junjan.org\/wordpress\/wp-json\/wp\/v2\/tags?post=1026"}],"curies":[{"name":"wp","href":"https:\/\/api.w.org\/{rel}","templated":true}]}}