{"id":1027,"date":"2009-10-17T23:58:13","date_gmt":"2009-10-17T21:58:13","guid":{"rendered":"http:\/\/junjan.org\/wordpress\/?p=1027"},"modified":"2011-05-26T00:39:43","modified_gmt":"2011-05-25T22:39:43","slug":"se_acabo_el_baile_de_cifras","status":"publish","type":"post","link":"https:\/\/junjan.org\/wordpress\/2009\/10\/se_acabo_el_baile_de_cifras\/","title":{"rendered":"\u00bfSe acab\u00f3 el baile de cifras?"},"content":{"rendered":"<p>Parece que las luchas de cifras en manifestaciones, uno de los deportes nacionales, ha llegado a su fin.<br \/>\nbq.<br \/>\nLa Agencia Efe ofrecer\u00e1 datos precisos del n\u00famero de asistentes a manifestaciones gracias al acuerdo alcanzado con Lynce, una empresa que, mediante el estudio inform\u00e1tico de im\u00e1genes fijas y en movimiento, contabiliza a los participantes de forma fiable. \u00abADN\u00bb:http:\/\/www.adn.es\/local\/madrid\/20091017\/NWS-0577-EFE-manifestaciones-asistentes-precisos-ofrecera.html<br \/>\nSe acab\u00f3 la diversi\u00f3n. A algunos medios les costar\u00e1 un poco y a las organizaciones mucho, pero los d\u00edas de las guerras de cifras parecen contados&#8230;<br \/>\nbq.<br \/>\nCon el lema \u00abCada vida importa\u00bb, que ha encabezado la movilizaci\u00f3n, los manifestantes han dejado patente su oposici\u00f3n a una reforma legislativa que establece el aborto libre hasta la semana 14 y que sit\u00faa en 16 a\u00f1os la mayor\u00eda de edad para decidir sobre la interrupci\u00f3n voluntaria del embarazo. Los organizadores han asegurado que han asistido cerca de dos millones de personas, y seg\u00fan la Comunidad de Madrid, se han congregado 1,2 millones. Seg\u00fan c\u00e1lculos realizados por EL PA\u00cdS, los manifestantes contra la reforma de la Ley han rondado los 265.000, mientras que un c\u00f3mputo efectuado por la empresa Lynce para la Agencia Efe sit\u00faa el n\u00famero de participantes en esta concentraci\u00f3n en 55.316 personas. \u00abEl Pa\u00eds\u00bb:http:\/\/www.elpais.com\/articulo\/sociedad\/Miles\/personas\/manifiestan\/Madrid\/Ley\/aborto\/elpepusoc\/20091017elpepusoc_6\/Tes<br \/>\nAunque a\u00fan podremos disfrutar por un tiempo de portadas surrelistas&#8230;<br \/>\nbq. Un clamor, un clamor contra el aborto y en defensa de la vida. Eso es lo que ha sido la gran manifestaci\u00f3n contra la reforma de la Ley del Aborto que ha estremecido este s\u00e1bado el coraz\u00f3n de Madrid. Seg\u00fan los datos que ha dado la organizaci\u00f3n, han asisitido dos millones de personas. La Comunidad de Madrid ha rebajado un tanto el dato, pero lo ha dejado en una cifra tambi\u00e9n impresionante: un mill\u00f3n doscientas mil personas. El &#8216;speaker&#8217; del acto ha comunicado satisfecho a la multitud asistente que se trataba de \u00abla manifestaci\u00f3n m\u00e1s grande jam\u00e1s celebrada en Espa\u00f1a\u00bb. \u00abABC\u00bb:http:\/\/www.abc.es\/20091017\/nacional-\/cientos-autobuses-llegan-madrid-200910171612.html<br \/>\nClaro que no se puede esperar otro an\u00e1lisis de un medio que [\u00abpatrocinaba el evento\u00bb:http:\/\/manifestometro.blogspot.com\/2009\/10\/manifestacion-17102009-contra-el-aborto.html]. Vaya prensa.<\/p>\n","protected":false},"excerpt":{"rendered":"<p>Parece que las luchas de cifras en manifestaciones, uno de los deportes nacionales, ha llegado a su fin. bq. La Agencia Efe ofrecer\u00e1 datos precisos del n\u00famero de asistentes a manifestaciones gracias al acuerdo alcanzado con Lynce, una empresa que, mediante el estudio inform\u00e1tico de im\u00e1genes fijas y en movimiento, contabiliza a los participantes de&hellip;&nbsp;<a href=\"https:\/\/junjan.org\/wordpress\/2009\/10\/se_acabo_el_baile_de_cifras\/\" rel=\"bookmark\">Leer m\u00e1s &raquo;<span class=\"screen-reader-text\">\u00bfSe acab\u00f3 el baile de cifras?<\/span><\/a><\/p>\n","protected":false},"author":1,"featured_media":0,"comment_status":"open","ping_status":"open","sticky":false,"template":"","format":"standard","meta":{"neve_meta_sidebar":"","neve_meta_container":"","neve_meta_enable_content_width":"","neve_meta_content_width":0,"neve_meta_title_alignment":"","neve_meta_author_avatar":"","neve_post_elements_order":"","neve_meta_disable_header":"","neve_meta_disable_footer":"","neve_meta_disable_title":"","footnotes":""},"categories":[5,43],"tags":[710,692],"class_list":["post-1027","post","type-post","status-publish","format-standard","hentry","category-actualidad","category-ciencia","tag-cifras","tag-manifestaciones"],"_links":{"self":[{"href":"https:\/\/junjan.org\/wordpress\/wp-json\/wp\/v2\/posts\/1027","targetHints":{"allow":["GET"]}}],"collection":[{"href":"https:\/\/junjan.org\/wordpress\/wp-json\/wp\/v2\/posts"}],"about":[{"href":"https:\/\/junjan.org\/wordpress\/wp-json\/wp\/v2\/types\/post"}],"author":[{"embeddable":true,"href":"https:\/\/junjan.org\/wordpress\/wp-json\/wp\/v2\/users\/1"}],"replies":[{"embeddable":true,"href":"https:\/\/junjan.org\/wordpress\/wp-json\/wp\/v2\/comments?post=1027"}],"version-history":[{"count":1,"href":"https:\/\/junjan.org\/wordpress\/wp-json\/wp\/v2\/posts\/1027\/revisions"}],"predecessor-version":[{"id":1356,"href":"https:\/\/junjan.org\/wordpress\/wp-json\/wp\/v2\/posts\/1027\/revisions\/1356"}],"wp:attachment":[{"href":"https:\/\/junjan.org\/wordpress\/wp-json\/wp\/v2\/media?parent=1027"}],"wp:term":[{"taxonomy":"category","embeddable":true,"href":"https:\/\/junjan.org\/wordpress\/wp-json\/wp\/v2\/categories?post=1027"},{"taxonomy":"post_tag","embeddable":true,"href":"https:\/\/junjan.org\/wordpress\/wp-json\/wp\/v2\/tags?post=1027"}],"curies":[{"name":"wp","href":"https:\/\/api.w.org\/{rel}","templated":true}]}}