{"id":1030,"date":"2009-12-08T21:01:14","date_gmt":"2009-12-08T20:01:14","guid":{"rendered":"http:\/\/junjan.org\/wordpress\/?p=1030"},"modified":"2011-05-26T00:39:23","modified_gmt":"2011-05-25T22:39:23","slug":"immaculatus","status":"publish","type":"post","link":"https:\/\/junjan.org\/wordpress\/2009\/12\/immaculatus\/","title":{"rendered":"Immaculatus"},"content":{"rendered":"<p>Espa\u00f1a ya no es lo que era. El estado confesional que hizo celebrar como fiesta nacional el supuesto d\u00eda de la supuesta concepci\u00f3n virginal de la supuesta madre del supuesto Mes\u00edas (todo ello con 99,9999999 % de probabilidad de ser imaginario) ya no existe.<br \/>\nEs obvio que ya a nadie nos importa, y en las nuevas generaciones, ya nadie tiene ni puta idea de que va la fiesta.  Usando la apasionante hemeroteca online del peri\u00f3dico ABC (edici\u00f3n Madrid) y viendo qu\u00e9 sal\u00eda en portadas del pasado tal d\u00eda como hoy, se aprecia que a partir de los a\u00f1os 70 ya se pierde la euforia religiosa.<br \/>\n\u00ab1955\u00bb:http:\/\/hemeroteca.abc.es\/nav\/Navigate.exe\/hemeroteca\/madrid\/abc\/1955\/12\/08\/001.html Virgencita a portada completa<br \/>\n\u00ab1965\u00bb:http:\/\/hemeroteca.abc.es\/nav\/Navigate.exe\/hemeroteca\/madrid\/abc\/1965\/12\/08\/001.html Virgencita con ni\u00f1os a portada completa<br \/>\n\u00ab1974\u00bb:http:\/\/hemeroteca.abc.es\/nav\/Navigate.exe\/hemeroteca\/madrid\/abc\/1974\/12\/08\/001.html Virgencita a portada completa<br \/>\n\u00ab1985\u00bb:http:\/\/hemeroteca.abc.es\/nav\/Navigate.exe\/hemeroteca\/madrid\/abc\/1985\/12\/08\/001.html Noticia de actualidad (Refer\u00e9ndum de la OTAN, concretamente)<br \/>\n\u00bfNo es hora de eliminar esta fiesta que ya nadie entiende? No es que proponga que se eliminen todas las fiestas con origen religioso, somos lo que somos y venimos de donde venimos, pero aligerar y actualizar un poco el contenido festivo no vendr\u00eda mal.<br \/>\n<small><br \/>\nDedicado a Luis que dice que ya no escribo.<\/small><\/p>\n","protected":false},"excerpt":{"rendered":"<p>Espa\u00f1a ya no es lo que era. El estado confesional que hizo celebrar como fiesta nacional el supuesto d\u00eda de la supuesta concepci\u00f3n virginal de la supuesta madre del supuesto Mes\u00edas (todo ello con 99,9999999 % de probabilidad de ser imaginario) ya no existe. Es obvio que ya a nadie nos importa, y en las&hellip;&nbsp;<a href=\"https:\/\/junjan.org\/wordpress\/2009\/12\/immaculatus\/\" rel=\"bookmark\">Leer m\u00e1s &raquo;<span class=\"screen-reader-text\">Immaculatus<\/span><\/a><\/p>\n","protected":false},"author":1,"featured_media":0,"comment_status":"open","ping_status":"open","sticky":false,"template":"","format":"standard","meta":{"neve_meta_sidebar":"","neve_meta_container":"","neve_meta_enable_content_width":"","neve_meta_content_width":0,"neve_meta_title_alignment":"","neve_meta_author_avatar":"","neve_post_elements_order":"","neve_meta_disable_header":"","neve_meta_disable_footer":"","neve_meta_disable_title":"","footnotes":""},"categories":[84],"tags":[588,484],"class_list":["post-1030","post","type-post","status-publish","format-standard","hentry","category-divagaciones","tag-espana","tag-religion"],"_links":{"self":[{"href":"https:\/\/junjan.org\/wordpress\/wp-json\/wp\/v2\/posts\/1030","targetHints":{"allow":["GET"]}}],"collection":[{"href":"https:\/\/junjan.org\/wordpress\/wp-json\/wp\/v2\/posts"}],"about":[{"href":"https:\/\/junjan.org\/wordpress\/wp-json\/wp\/v2\/types\/post"}],"author":[{"embeddable":true,"href":"https:\/\/junjan.org\/wordpress\/wp-json\/wp\/v2\/users\/1"}],"replies":[{"embeddable":true,"href":"https:\/\/junjan.org\/wordpress\/wp-json\/wp\/v2\/comments?post=1030"}],"version-history":[{"count":1,"href":"https:\/\/junjan.org\/wordpress\/wp-json\/wp\/v2\/posts\/1030\/revisions"}],"predecessor-version":[{"id":1354,"href":"https:\/\/junjan.org\/wordpress\/wp-json\/wp\/v2\/posts\/1030\/revisions\/1354"}],"wp:attachment":[{"href":"https:\/\/junjan.org\/wordpress\/wp-json\/wp\/v2\/media?parent=1030"}],"wp:term":[{"taxonomy":"category","embeddable":true,"href":"https:\/\/junjan.org\/wordpress\/wp-json\/wp\/v2\/categories?post=1030"},{"taxonomy":"post_tag","embeddable":true,"href":"https:\/\/junjan.org\/wordpress\/wp-json\/wp\/v2\/tags?post=1030"}],"curies":[{"name":"wp","href":"https:\/\/api.w.org\/{rel}","templated":true}]}}