{"id":1040,"date":"2010-07-11T11:19:08","date_gmt":"2010-07-11T09:19:08","guid":{"rendered":"http:\/\/junjan.org\/wordpress\/?p=1040"},"modified":"2011-05-26T00:37:40","modified_gmt":"2011-05-25T22:37:40","slug":"flaquisimos","status":"publish","type":"post","link":"https:\/\/junjan.org\/wordpress\/2010\/07\/flaquisimos\/","title":{"rendered":"Flaqu\u00edsimos"},"content":{"rendered":"<p>Seg\u00fan un \u00faltimo estudio \u00abindirecto\u00bb realizado por la Generalitat de Catalu\u00f1a, los catalanes son extremadamente flacos. Pruebas:<br \/>\n1. Usando el sistema de recuento de la empresa \u00abLynce\u00bb:http:\/\/www.lynce.es\/es\/manifadetalle.php?cod=44 (para la agencia EFE), se estima que a la manifestaci\u00f3n de ayer \u00ab[\u00abSomos una Naci\u00f3n\u00bb:http:\/\/www.omnium.cat\/www\/omnium\/ca\/]\u00bb asistieron 56.000 personas +\/- 15 %.<br \/>\n2. La organizaci\u00f3n, la guardia urbana, los \u00abpartidos pol\u00edticos\u00bb:http:\/\/www.esquerra.cat\/actualitat\/puigcercos-avui-ha-comencat-el-canvi-de-debo-la-transicio-cap-a-la-independencia y los \u00abperi\u00f3dicos catalanes\u00bb:http:\/\/www.lavanguardia.es\/politica\/noticias\/20100710\/53961206706\/cientos-de-miles-de-personas-expresan-su-rechazo-a-la-sentencia-contra-el-estatut-en-una-manifestaci.html cifran la asistencia a m\u00e1s de un mill\u00f3n, y no es posible que mienta gente tan seria, no. Si lo dicen es que es verdad.<br \/>\n3. Muchas de estas organizaciones y peri\u00f3dicos alabaron no hace tanto (en la manifestaci\u00f3n contra el aborto en Madrid) la exactitud y seriedad del m\u00e9todo de Lynce.<br \/>\nConclusi\u00f3n: los catalanes son muy flacos y ello afecta el correcto funcionamiento de sistema de Lynce, donde parece que hay una persona, al ser tan flacos, hay en realidad entre 10 y 15. Lo que normalmente requerir\u00eda toda la avenida de la Diagonal llena a rebosar de gente, ahora requiere much\u00edsimo menos espacio para juntar m\u00e1s de un mill\u00f3n de personas, dada su extrema delgadez.<br \/>\nLa OMS ya ha expresado su preocupaci\u00f3n por los requerimientos nutricionales de la poblaci\u00f3n catalana. Tambi\u00e9n ha extendido su preocupaci\u00f3n al colectivo antiabortista, a los militantes del PP y a los gays orgullosos, todos parecen tener el mismo problema nutricional o quiz\u00e1s sea una reacci\u00f3n autoinmune.<br \/>\nVer:<br \/>\n\u00ac \u00abGuerra de cifras: de mill\u00f3n y medio de manifestantes a 56.000\u00bb:http:\/\/www.publico.es\/espana\/327249\/guerra\/cifras\/millon\/medio\/manifestantes<\/p>\n","protected":false},"excerpt":{"rendered":"<p>Seg\u00fan un \u00faltimo estudio \u00abindirecto\u00bb realizado por la Generalitat de Catalu\u00f1a, los catalanes son extremadamente flacos. Pruebas: 1. Usando el sistema de recuento de la empresa \u00abLynce\u00bb:http:\/\/www.lynce.es\/es\/manifadetalle.php?cod=44 (para la agencia EFE), se estima que a la manifestaci\u00f3n de ayer \u00ab[\u00abSomos una Naci\u00f3n\u00bb:http:\/\/www.omnium.cat\/www\/omnium\/ca\/]\u00bb asistieron 56.000 personas +\/- 15 %. 2. La organizaci\u00f3n, la guardia urbana, los&hellip;&nbsp;<a href=\"https:\/\/junjan.org\/wordpress\/2010\/07\/flaquisimos\/\" rel=\"bookmark\">Leer m\u00e1s &raquo;<span class=\"screen-reader-text\">Flaqu\u00edsimos<\/span><\/a><\/p>\n","protected":false},"author":1,"featured_media":0,"comment_status":"open","ping_status":"open","sticky":false,"template":"","format":"standard","meta":{"neve_meta_sidebar":"","neve_meta_container":"","neve_meta_enable_content_width":"","neve_meta_content_width":0,"neve_meta_title_alignment":"","neve_meta_author_avatar":"","neve_post_elements_order":"","neve_meta_disable_header":"","neve_meta_disable_footer":"","neve_meta_disable_title":"","footnotes":""},"categories":[5,81],"tags":[694,692,640,695,78,693],"class_list":["post-1040","post","type-post","status-publish","format-standard","hentry","category-actualidad","category-revista-de-prensa","tag-cataluna","tag-manifestaciones","tag-manipulacion","tag-nacion","tag-nacionalismo","tag-recuento"],"_links":{"self":[{"href":"https:\/\/junjan.org\/wordpress\/wp-json\/wp\/v2\/posts\/1040","targetHints":{"allow":["GET"]}}],"collection":[{"href":"https:\/\/junjan.org\/wordpress\/wp-json\/wp\/v2\/posts"}],"about":[{"href":"https:\/\/junjan.org\/wordpress\/wp-json\/wp\/v2\/types\/post"}],"author":[{"embeddable":true,"href":"https:\/\/junjan.org\/wordpress\/wp-json\/wp\/v2\/users\/1"}],"replies":[{"embeddable":true,"href":"https:\/\/junjan.org\/wordpress\/wp-json\/wp\/v2\/comments?post=1040"}],"version-history":[{"count":1,"href":"https:\/\/junjan.org\/wordpress\/wp-json\/wp\/v2\/posts\/1040\/revisions"}],"predecessor-version":[{"id":1347,"href":"https:\/\/junjan.org\/wordpress\/wp-json\/wp\/v2\/posts\/1040\/revisions\/1347"}],"wp:attachment":[{"href":"https:\/\/junjan.org\/wordpress\/wp-json\/wp\/v2\/media?parent=1040"}],"wp:term":[{"taxonomy":"category","embeddable":true,"href":"https:\/\/junjan.org\/wordpress\/wp-json\/wp\/v2\/categories?post=1040"},{"taxonomy":"post_tag","embeddable":true,"href":"https:\/\/junjan.org\/wordpress\/wp-json\/wp\/v2\/tags?post=1040"}],"curies":[{"name":"wp","href":"https:\/\/api.w.org\/{rel}","templated":true}]}}