{"id":1041,"date":"2010-07-11T13:26:02","date_gmt":"2010-07-11T11:26:02","guid":{"rendered":"http:\/\/junjan.org\/wordpress\/?p=1041"},"modified":"2011-05-26T00:37:19","modified_gmt":"2011-05-25T22:37:19","slug":"la_pandereta_y_el_futbol","status":"publish","type":"post","link":"https:\/\/junjan.org\/wordpress\/2010\/07\/la_pandereta_y_el_futbol\/","title":{"rendered":"La pandereta y el f\u00fatbol"},"content":{"rendered":"<p>No hay duda. Si para variar la selecci\u00f3n espa\u00f1ola de f\u00fatbol gana, es algo que mola.<br \/>\nPero tampoco hay que exagerar con el an\u00e1lisis, los peri\u00f3dicos no se pueden ni leer de la cantidad de bobadas por cm2 que dicen. Joder, si hasta Mariano Rajoy tiene un espacio en la tribuna de \u00abEl Pa\u00eds\u00bb:http:\/\/www.elpais.com\/articulo\/deportes\/Espana\/futbol\/elpdepfutmunart\/20100711elpepidep_7\/Tes para hablar del f\u00fatbol y la furia hisp\u00e1nica, ver para creer.<br \/>\n[\u00abPanem et circenses\u00bb:http:\/\/en.wikipedia.org\/wiki\/Bread_and_circuses], habr\u00e1 que verlo en un bar para empaparse.<br \/>\nVer:<br \/>\n\u00ac \u00abSalvemos el f\u00fatbol de los diarios\u00bb:http:\/\/paperpapers.blogspot.com\/2010\/07\/salvemos-el-futbol-de-los-diarios.html<br \/>\n\u00ac \u00abLa selecci\u00f3n y unas palabras de George Orwell\u00bb:http:\/\/www.guerraeterna.com\/archives\/2010\/07\/la_seleccion.html<\/p>\n","protected":false},"excerpt":{"rendered":"<p>No hay duda. Si para variar la selecci\u00f3n espa\u00f1ola de f\u00fatbol gana, es algo que mola. Pero tampoco hay que exagerar con el an\u00e1lisis, los peri\u00f3dicos no se pueden ni leer de la cantidad de bobadas por cm2 que dicen. Joder, si hasta Mariano Rajoy tiene un espacio en la tribuna de \u00abEl Pa\u00eds\u00bb:http:\/\/www.elpais.com\/articulo\/deportes\/Espana\/futbol\/elpdepfutmunart\/20100711elpepidep_7\/Tes para&hellip;&nbsp;<a href=\"https:\/\/junjan.org\/wordpress\/2010\/07\/la_pandereta_y_el_futbol\/\" rel=\"bookmark\">Leer m\u00e1s &raquo;<span class=\"screen-reader-text\">La pandereta y el f\u00fatbol<\/span><\/a><\/p>\n","protected":false},"author":1,"featured_media":0,"comment_status":"open","ping_status":"open","sticky":false,"template":"","format":"standard","meta":{"neve_meta_sidebar":"","neve_meta_container":"","neve_meta_enable_content_width":"","neve_meta_content_width":0,"neve_meta_title_alignment":"","neve_meta_author_avatar":"","neve_post_elements_order":"","neve_meta_disable_header":"","neve_meta_disable_footer":"","neve_meta_disable_title":"","footnotes":""},"categories":[5,458],"tags":[691,78],"class_list":["post-1041","post","type-post","status-publish","format-standard","hentry","category-actualidad","category-breves","tag-futbol","tag-nacionalismo"],"_links":{"self":[{"href":"https:\/\/junjan.org\/wordpress\/wp-json\/wp\/v2\/posts\/1041","targetHints":{"allow":["GET"]}}],"collection":[{"href":"https:\/\/junjan.org\/wordpress\/wp-json\/wp\/v2\/posts"}],"about":[{"href":"https:\/\/junjan.org\/wordpress\/wp-json\/wp\/v2\/types\/post"}],"author":[{"embeddable":true,"href":"https:\/\/junjan.org\/wordpress\/wp-json\/wp\/v2\/users\/1"}],"replies":[{"embeddable":true,"href":"https:\/\/junjan.org\/wordpress\/wp-json\/wp\/v2\/comments?post=1041"}],"version-history":[{"count":1,"href":"https:\/\/junjan.org\/wordpress\/wp-json\/wp\/v2\/posts\/1041\/revisions"}],"predecessor-version":[{"id":1346,"href":"https:\/\/junjan.org\/wordpress\/wp-json\/wp\/v2\/posts\/1041\/revisions\/1346"}],"wp:attachment":[{"href":"https:\/\/junjan.org\/wordpress\/wp-json\/wp\/v2\/media?parent=1041"}],"wp:term":[{"taxonomy":"category","embeddable":true,"href":"https:\/\/junjan.org\/wordpress\/wp-json\/wp\/v2\/categories?post=1041"},{"taxonomy":"post_tag","embeddable":true,"href":"https:\/\/junjan.org\/wordpress\/wp-json\/wp\/v2\/tags?post=1041"}],"curies":[{"name":"wp","href":"https:\/\/api.w.org\/{rel}","templated":true}]}}