{"id":1042,"date":"2010-07-25T13:08:20","date_gmt":"2010-07-25T11:08:20","guid":{"rendered":"http:\/\/junjan.org\/wordpress\/?p=1042"},"modified":"2011-05-26T00:37:09","modified_gmt":"2011-05-25T22:37:09","slug":"locura_colectiva","status":"publish","type":"post","link":"https:\/\/junjan.org\/wordpress\/2010\/07\/locura_colectiva\/","title":{"rendered":"Locura colectiva"},"content":{"rendered":"<p>No deja de sorprenderme, a pesar de que ocurra desde hace tanto tiempo, que el m\u00e1ximo representante de nuestro pa\u00eds se vaya a una iglesia y le dirija un discurso a un ser m\u00edtico, en serio y todo.<br \/>\nIndependientemente de lo que se diga o pida en en el discurso, pierde todo su valor al dirigirse a un ser inexistente que solo aparece en novelas escritas por antiguos fan\u00e1ticos religiosos. Voy a m\u00e1s, aunque hubiera existido tal persona hace 2000 a\u00f1os, tampoco tendr\u00eda ning\u00fan sentido el discurso dirigido \u00abal fantasma\u00bb, en cualquier caso es un ejercicio de locura colectiva imperdonable en un pa\u00eds supuestamente \u00abilustrado\u00bb.<br \/>\nA\u00fan m\u00e1s, los peri\u00f3dicos refieren al hecho con total normalidad, como si que un jefe de estado se vaya a lanzar discursos a seres imaginarios no fuera sorprendente. A jefes de estado que hicieran similares actos en pa\u00edses de otras religiones se les denominar\u00eda \u00abintegristas\u00bb o quiz\u00e1s \u00abb\u00e1rbaros\u00bb o \u00abatrasados\u00bb, incluso \u00abmedievales\u00bb, pero que el nuestro lo haga no merece ninguna opini\u00f3n. Se lee uno el peri\u00f3dico y parece la lectura de un edicto medieval, s\u00f3lo faltan las trompetas y los tambores: \u00abnuestro amado monarca ha hablado con el ap\u00f3stol, y el ap\u00f3stol nos ayudar\u00e1 contra los infieles y las plagas del cereal&#8230;\u00bb.<br \/>\nQue comedura de tarro&#8230;<br \/>\nVer:<br \/>\n\u00ac [\u00abEl Rey pide al Ap\u00f3stol Santiago ayuda para resolver cuanto antes la grave crisis\u00bb:http:\/\/www.elpais.com\/articulo\/espana\/Rey\/pide\/Apostol\/Santiago\/ayuda\/resolver\/grave\/crisis\/elpepuesp\/20100725elpepunac_1\/Tes]<br \/>\n\u00ac [\u00abSe\u00f1or Santiago, asegura la solidaridad entre nuestras comunidades aut\u00f3nomas\u00bb:http:\/\/www.elmundo.es\/elmundo\/2010\/07\/25\/galicia\/1280049754.html]<\/p>\n","protected":false},"excerpt":{"rendered":"<p>No deja de sorprenderme, a pesar de que ocurra desde hace tanto tiempo, que el m\u00e1ximo representante de nuestro pa\u00eds se vaya a una iglesia y le dirija un discurso a un ser m\u00edtico, en serio y todo. Independientemente de lo que se diga o pida en en el discurso, pierde todo su valor al&hellip;&nbsp;<a href=\"https:\/\/junjan.org\/wordpress\/2010\/07\/locura_colectiva\/\" rel=\"bookmark\">Leer m\u00e1s &raquo;<span class=\"screen-reader-text\">Locura colectiva<\/span><\/a><\/p>\n","protected":false},"author":1,"featured_media":0,"comment_status":"open","ping_status":"open","sticky":false,"template":"","format":"standard","meta":{"neve_meta_sidebar":"","neve_meta_container":"","neve_meta_enable_content_width":"","neve_meta_content_width":0,"neve_meta_title_alignment":"","neve_meta_author_avatar":"","neve_post_elements_order":"","neve_meta_disable_header":"","neve_meta_disable_footer":"","neve_meta_disable_title":"","footnotes":""},"categories":[5],"tags":[689,690,47,484,671],"class_list":["post-1042","post","type-post","status-publish","format-standard","hentry","category-actualidad","tag-apostol-santiago","tag-locura","tag-monarquia","tag-religion","tag-rey"],"_links":{"self":[{"href":"https:\/\/junjan.org\/wordpress\/wp-json\/wp\/v2\/posts\/1042","targetHints":{"allow":["GET"]}}],"collection":[{"href":"https:\/\/junjan.org\/wordpress\/wp-json\/wp\/v2\/posts"}],"about":[{"href":"https:\/\/junjan.org\/wordpress\/wp-json\/wp\/v2\/types\/post"}],"author":[{"embeddable":true,"href":"https:\/\/junjan.org\/wordpress\/wp-json\/wp\/v2\/users\/1"}],"replies":[{"embeddable":true,"href":"https:\/\/junjan.org\/wordpress\/wp-json\/wp\/v2\/comments?post=1042"}],"version-history":[{"count":1,"href":"https:\/\/junjan.org\/wordpress\/wp-json\/wp\/v2\/posts\/1042\/revisions"}],"predecessor-version":[{"id":1345,"href":"https:\/\/junjan.org\/wordpress\/wp-json\/wp\/v2\/posts\/1042\/revisions\/1345"}],"wp:attachment":[{"href":"https:\/\/junjan.org\/wordpress\/wp-json\/wp\/v2\/media?parent=1042"}],"wp:term":[{"taxonomy":"category","embeddable":true,"href":"https:\/\/junjan.org\/wordpress\/wp-json\/wp\/v2\/categories?post=1042"},{"taxonomy":"post_tag","embeddable":true,"href":"https:\/\/junjan.org\/wordpress\/wp-json\/wp\/v2\/tags?post=1042"}],"curies":[{"name":"wp","href":"https:\/\/api.w.org\/{rel}","templated":true}]}}