{"id":1044,"date":"2010-09-24T21:28:26","date_gmt":"2010-09-24T21:28:26","guid":{"rendered":"http:\/\/junjan.org\/wordpress\/?p=1044"},"modified":"2010-09-24T21:28:26","modified_gmt":"2010-09-24T21:28:26","slug":"xenofobia_y_censura_periodistica","status":"publish","type":"post","link":"https:\/\/junjan.org\/wordpress\/2010\/09\/xenofobia_y_censura_periodistica\/","title":{"rendered":"Xenofobia y censura period\u00edstica"},"content":{"rendered":"<p>No hablamos de Angola, no, hablamos de Espa\u00f1a, Madrid concretamente. Abusos policiales contra inmigrantes y contra los periodistas que intentan informar de los mismos. Y no es un caso puntual, es algo cotidiano.<br \/>\nPara entender de qu\u00e9 estamos hablando, lo mejor es leerse la declaraci\u00f3n completa del periodista Edu Le\u00f3n, que reproduzco:<\/p>\n<blockquote><p> El domingo 19 de septiembre de 2010 recibo la llamada de un inmigrante alrededor de las 17:15 horas. Se trataba de un ecuatoriano que conoc\u00ed por mi trabajo fotogr\u00e1fico en Plaza El\u00edptica (lugar de reuni\u00f3n de extranjeros que buscan trabajo). Este hombre me avisa de que en la Casa de Campo la polic\u00eda estaba desalojando violentamente a los vendedores de comida. Llamo a Olmo Calvo Rodr\u00edguez, fot\u00f3grafo y compa\u00f1ero del diario Diagonal, donde colaboro, y me informa de que otro fot\u00f3grafo, Sylvain Cherkaoui, est\u00e1 all\u00ed. Llamo a Sylvain y \u00e9l me dice que todo est\u00e1 acabando, que lo m\u00e1s violento del desalojo termin\u00f3.<br \/>\nYo decido ir junto a mi compa\u00f1era y periodista Soraya Constante. Saliendo del metro Lago, yo me adelanto a Soraya para comenzar a sacar fotos. Habr\u00eda hecho unas siete fotos cuando me para un polic\u00eda municipal para preguntarme si estoy haciendo fotos, luego me pide mi acreditaci\u00f3n. Le digo que mi acreditaci\u00f3n la tiene mi pareja, Soraya, que estaba a unos 100 metros de donde yo estaba. La llamo. Otros polic\u00edas se acercan.<br \/>\nDe repente un antidisturbio de la polic\u00eda local con casco se acerca, me empuja, me da un golpe en la cara y me quita la bolsa de fotograf\u00eda. Le digo que es mi herramienta de trabajo, que la traten con cuidado. Me vuelve a empujar contra otro agente. Llega Soraya, les da mi acreditaci\u00f3n pero como ve que me agreden, ella se queja y pide que no me agredan. Entonces, la agarran tres polic\u00edas de los brazos, le dicen que se acredite y ella dice que necesita sus manos para acreditarse. Le dicen \u201c\u00bfqu\u00e9 haces aqu\u00ed? \u00a1Vete a tu puto pa\u00eds!\u201d Ella dice que es periodista. Le tiran del bolso y le dan continuos golpes en el pecho y los insultos xen\u00f3fobos contin\u00faan.<br \/>\nEn eso, otro polic\u00eda se acerca y dice, refiri\u00e9ndose a m\u00ed: \u201cA \u00e9ste lo conozco, es el fot\u00f3grafo de Lavapi\u00e9s que siempre nos est\u00e1 jodiendo\u201d. Se avalancha sobre m\u00ed y me agarra del cuello sofoc\u00e1ndome como 30 segundos. Pens\u00e9 que iba a perder el conocimiento. Yo no pongo ninguna resistencia pero les digo que los voy a denunciar y que me den su n\u00famero de placa. Repito esto varias veces. El que me agarra del cuello dice que en vez de placa me van a dar dos hostias.<br \/>\nLuego el polic\u00eda municipal que me estaba identificando inicialmente me pone contra la pared y me dice que abra las piernas. Lo hago. Dice que las abra m\u00e1s y m\u00e1s hasta dejarme dolido y estirado muy cerca del suelo. Me cachea vejatoriamente: me agarra de los test\u00edculos con fuerza, me tira del pelo y me hace sacar los zapatos. Me dice: \u201cLas pr\u00f3ximas fotos van a ser de ti con la cara partida en comisar\u00eda\u201d. Me meten descalzo en el coche.<br \/>\nDurante todo este tiempo mi mujer reclama que paren. Se acerca un polic\u00eda que parec\u00eda jefe y le pregunto si es el jefe del operativo y le pido que paren los abusos. El oficial responde que no hay ning\u00fan operativo y me llevan a la comisar\u00eda de Moncloa Aravaca donde ya est\u00e1n hace m\u00e1s de una hora los tres detenidos ecuatorianos de Casa de Campo. Eran una mujer y dos hombres. La mujer ten\u00eda moratones en la cara y me cont\u00f3 que le pegaron en la patrulla de la polic\u00eda.<br \/>\nDespu\u00e9s de dos horas me devuelven mis zapatos para llevarme al m\u00e9dico. Yo ten\u00eda marcas en el cuello y en la cara, que refleja mi parte m\u00e9dico. A los tres ecuatorianos y a mi nos pusieron en una celda esposados durante cinco horas sin decirme el porqu\u00e9 estoy detenido. Cuando me quej\u00e9 de estar con las esposas tanto tiempo apagaron la luz de la habitaci\u00f3n donde est\u00e1bamos. Mas tarde entran, leen los derechos a los ecuatorianos. A mi no me los leen, me dan un papel y me dicen que si estoy de acuerdo que firme, tambi\u00e9n me dan un papel con la lista de mis pertenencias pero esta inexacto porque figuraban \u201cdos objetivos marca Canon\u201d y yo ten\u00eda tres y figuraba \u201cdos tarjetas de memoria\u201d y yo ten\u00eda cinco. Un documento no lo firmo y otro pongo \u201cno conforme\u201d y lo firmo. No me acuerdo cual firm\u00e9 y cual no.<br \/>\nLuego entra un polic\u00eda nacional y dice \u201cyo cre\u00eda que los cuatro eran guachupitos.\u201d Le pregunto que dijo y lo repite, y le digo que es un comentario racista y le pido el n\u00famero de placa. \u00c9l dice \u201cte voy a dar tres n\u00fameros y una hostia en la calle sin uniforme\u201d. Otro polic\u00eda me dice \u201cperro flauta.\u201d Pido el Habeas Corpus por detenci\u00f3n ilegal. Me dan un papel y yo escribo la petici\u00f3n del amparo del juez. Y espero que me lleven a los juzgados de Plaza Castilla hasta la una de la madrugada del lunes 20 de septiembre. El juez que recibe el Habeas Corpus lo desestima y me devuelven a la comisar\u00eda. Mi abogado que llega el lunes por la ma\u00f1ana me dice que un polic\u00eda le dijo que me van a tener lo m\u00e1s posible encerrado porque es \u201cun caso complicado\u201d.<br \/>\nEl lunes por la noche me llevan junto a los ecuatorianos a la comisar\u00eda de Moratalaz. El martes 21 de septiembre a las dos de la tarde me ve la jueza en Plaza Castilla. Me lee el atestado: me acusan de \u201ciniciar los disturbios\u201d. La polic\u00eda dice que me reconocen tirando piedras \u201cporque entre todos los latinos hay un hombre alto, rubio y con coleta y una hora despu\u00e9s me intentan documentar y agredo a tres policias\u201d. Luego le digo a la jueza lo que en verdad sucedi\u00f3 y me libera con un parte de \u201cresistencia a la autoridad\u201d.  En noviembre tenego que volver a al juzgado a declarar nuevamente.<br \/>\nAl salir del juzgado me devuelven mis pertenencias. Todo menos mi equipo de trabajo. Curiosamente me devuelven objetos peque\u00f1os que ten\u00eda en mi bolso de fotograf\u00eda como un estuche de limpieza de c\u00e1mara y un cristal de un lente, pero falta: una c\u00e1mara Canon 5D, una lente Canon 70-200mm f\/2.8, una lente Canon 18-40mm f \/4, una lente Canon 50mm f\/1.8 y cinco tarjetas compact flash de memoria: 1 una tarjeta de 8GB, tres tarjetas de 4GB, y una tarjeta de 1GB. La jueza me dijo que si mi equipo fotogr\u00e1fico no estaba en el juzgado, que presente un escrito. Mi abogado presentar\u00e1 un escrito para recuperarla as\u00ed como tambi\u00e9n presentar\u00e9 una querella por lo arriba mencionado. &#8232;&#8232;Tampoco me devolvieron las fotos que hice en Casa de Campo, entre las que estaban las fotos del bautismo de mi primera sobrina que fotografi\u00e9 el s\u00e1bado 18 de septiembre, un d\u00eda antes a ser detenido.<br \/>\nHay que a\u00f1adir que la polic\u00eda viene perjudicando mi labor profesional reiteradamente. La primera vez que la polic\u00eda me par\u00f3 fue el 22 de junio, cuando fotografi\u00e9 a un inmigrante que era golpeado en el metro de Lavapi\u00e9s. La segunda fue el 24 de julio, cuando intent\u00e9 fotografiar una redada de inmigrantes en el metro de Legazpi. En ambas ocasiones fui llevado a la Comisar\u00eda de Sol, donde he tenido que entregar primero la tarjeta de memoria y luego la c\u00e1mara.<br \/>\nHasta la fecha no he recuperado ninguno de estos objetos que son en verdad mi herramienta de trabajo. Por el primer caso tengo una citaci\u00f3n judicial para octubre y el segundo ya ha sido desestimado y el fiscal est\u00e1 localizando mi equipo fotogr\u00e1fico para devolv\u00e9rmelo. Tambi\u00e9n por el segundo caso yo present\u00e9 una denuncia por retenci\u00f3n ilegal a los juzgados y al Defensor del Pueblo y este ultimo me ha informado ha dado tr\u00e1mite a mi denuncia y pedir\u00e1 explicaci\u00f3n de la polic\u00eda. Desde julio he estado trabajando con c\u00e1maras que me han dejado otros compa\u00f1eros y para un reportaje que hice recientemente en Francia tuve que alquilar una c\u00e1mara, que es la que ahora est\u00e1 retenida y trato de recuperar.\n<\/p><\/blockquote>\n<p>To protect and to serve&#8230; Va a ser que no.<br \/>\nVer:<br \/>\n\u00ac \u00ab\u00bfLibertad de prensa en Madrid?\u00bb:http:\/\/blogs.publico.es\/mesadeluz\/2607\/fotoperiodismo-edicion-grafica-fotografia-hay-libertad-de-prensa-en-madrid<br \/>\n\u00ac \u00abEl polic\u00eda me agarra de los test\u00edculos con fuerza\u00bb:http:\/\/periodismohumano.com\/sociedad\/libertad-y-justicia\/el-policia-me-agarra-de-los-testiculos-con-fuerza.html<br \/>\n\u00ac \u00abPlante de fot\u00f3grafos por la detenci\u00f3n de un compa\u00f1ero\u00bb:http:\/\/www.elpais.com\/articulo\/madrid\/Plante\/fotografos\/detencion\/companero\/elpepiespmad\/20100921elpmad_6\/Tes<\/p>\n","protected":false},"excerpt":{"rendered":"<p>No hablamos de Angola, no, hablamos de Espa\u00f1a, Madrid concretamente. Abusos policiales contra inmigrantes y contra los periodistas que intentan informar de los mismos. Y no es un caso puntual, es algo cotidiano. Para entender de qu\u00e9 estamos hablando, lo mejor es leerse la declaraci\u00f3n completa del periodista Edu Le\u00f3n, que reproduzco: El domingo 19&hellip;&nbsp;<a href=\"https:\/\/junjan.org\/wordpress\/2010\/09\/xenofobia_y_censura_periodistica\/\" rel=\"bookmark\">Leer m\u00e1s &raquo;<span class=\"screen-reader-text\">Xenofobia y censura period\u00edstica<\/span><\/a><\/p>\n","protected":false},"author":1,"featured_media":0,"comment_status":"open","ping_status":"open","sticky":false,"template":"","format":"standard","meta":{"neve_meta_sidebar":"","neve_meta_container":"","neve_meta_enable_content_width":"","neve_meta_content_width":0,"neve_meta_title_alignment":"","neve_meta_author_avatar":"","neve_post_elements_order":"","neve_meta_disable_header":"","neve_meta_disable_footer":"","neve_meta_disable_title":"","footnotes":""},"categories":[5,81],"tags":[462],"class_list":["post-1044","post","type-post","status-publish","format-standard","hentry","category-actualidad","category-revista-de-prensa","tag-periodismo-xenofobia-racismo-censura-madrid"],"_links":{"self":[{"href":"https:\/\/junjan.org\/wordpress\/wp-json\/wp\/v2\/posts\/1044","targetHints":{"allow":["GET"]}}],"collection":[{"href":"https:\/\/junjan.org\/wordpress\/wp-json\/wp\/v2\/posts"}],"about":[{"href":"https:\/\/junjan.org\/wordpress\/wp-json\/wp\/v2\/types\/post"}],"author":[{"embeddable":true,"href":"https:\/\/junjan.org\/wordpress\/wp-json\/wp\/v2\/users\/1"}],"replies":[{"embeddable":true,"href":"https:\/\/junjan.org\/wordpress\/wp-json\/wp\/v2\/comments?post=1044"}],"version-history":[{"count":0,"href":"https:\/\/junjan.org\/wordpress\/wp-json\/wp\/v2\/posts\/1044\/revisions"}],"wp:attachment":[{"href":"https:\/\/junjan.org\/wordpress\/wp-json\/wp\/v2\/media?parent=1044"}],"wp:term":[{"taxonomy":"category","embeddable":true,"href":"https:\/\/junjan.org\/wordpress\/wp-json\/wp\/v2\/categories?post=1044"},{"taxonomy":"post_tag","embeddable":true,"href":"https:\/\/junjan.org\/wordpress\/wp-json\/wp\/v2\/tags?post=1044"}],"curies":[{"name":"wp","href":"https:\/\/api.w.org\/{rel}","templated":true}]}}