{"id":1045,"date":"2010-10-12T21:20:35","date_gmt":"2010-10-12T21:20:35","guid":{"rendered":"http:\/\/junjan.org\/wordpress\/?p=1045"},"modified":"2010-10-12T21:20:35","modified_gmt":"2010-10-12T21:20:35","slug":"dia_de_la_hispanidad_o_era_de_la_raza","status":"publish","type":"post","link":"https:\/\/junjan.org\/wordpress\/2010\/10\/dia_de_la_hispanidad_o_era_de_la_raza\/","title":{"rendered":"\u00bfD\u00eda de la hispanidad o era de la raza?"},"content":{"rendered":"<p>Otra fiesta nacional. Otra sesi\u00f3n de desfiles anodinos. Todo ello conmemorando el d\u00eda que los pobladores del continente actualmente conocido como Am\u00e9rica tuvieron la desgracia de que les descubrieran.<br \/>\nEduardo Galeano lo explica en su art\u00edculo \u00ab[\u00ab12 de octubre. El descubrimiento de Am\u00e9rica y la historia oficial\u00bb:http:\/\/www.kaosenlared.net\/noticia\/12-octubre-descubrimiento-america-historia-oficial]\u00bb.<\/p>\n","protected":false},"excerpt":{"rendered":"<p>Otra fiesta nacional. Otra sesi\u00f3n de desfiles anodinos. Todo ello conmemorando el d\u00eda que los pobladores del continente actualmente conocido como Am\u00e9rica tuvieron la desgracia de que les descubrieran. Eduardo Galeano lo explica en su art\u00edculo \u00ab[\u00ab12 de octubre. El descubrimiento de Am\u00e9rica y la historia oficial\u00bb:http:\/\/www.kaosenlared.net\/noticia\/12-octubre-descubrimiento-america-historia-oficial]\u00bb.<\/p>\n","protected":false},"author":1,"featured_media":0,"comment_status":"open","ping_status":"open","sticky":false,"template":"","format":"standard","meta":{"neve_meta_sidebar":"","neve_meta_container":"","neve_meta_enable_content_width":"","neve_meta_content_width":0,"neve_meta_title_alignment":"","neve_meta_author_avatar":"","neve_post_elements_order":"","neve_meta_disable_header":"","neve_meta_disable_footer":"","neve_meta_disable_title":"","footnotes":""},"categories":[5],"tags":[463],"class_list":["post-1045","post","type-post","status-publish","format-standard","hentry","category-actualidad","tag-america-hispanidad-galeano"],"_links":{"self":[{"href":"https:\/\/junjan.org\/wordpress\/wp-json\/wp\/v2\/posts\/1045","targetHints":{"allow":["GET"]}}],"collection":[{"href":"https:\/\/junjan.org\/wordpress\/wp-json\/wp\/v2\/posts"}],"about":[{"href":"https:\/\/junjan.org\/wordpress\/wp-json\/wp\/v2\/types\/post"}],"author":[{"embeddable":true,"href":"https:\/\/junjan.org\/wordpress\/wp-json\/wp\/v2\/users\/1"}],"replies":[{"embeddable":true,"href":"https:\/\/junjan.org\/wordpress\/wp-json\/wp\/v2\/comments?post=1045"}],"version-history":[{"count":0,"href":"https:\/\/junjan.org\/wordpress\/wp-json\/wp\/v2\/posts\/1045\/revisions"}],"wp:attachment":[{"href":"https:\/\/junjan.org\/wordpress\/wp-json\/wp\/v2\/media?parent=1045"}],"wp:term":[{"taxonomy":"category","embeddable":true,"href":"https:\/\/junjan.org\/wordpress\/wp-json\/wp\/v2\/categories?post=1045"},{"taxonomy":"post_tag","embeddable":true,"href":"https:\/\/junjan.org\/wordpress\/wp-json\/wp\/v2\/tags?post=1045"}],"curies":[{"name":"wp","href":"https:\/\/api.w.org\/{rel}","templated":true}]}}