{"id":1050,"date":"2010-11-20T17:49:39","date_gmt":"2010-11-20T17:49:39","guid":{"rendered":"http:\/\/junjan.org\/wordpress\/?p=1050"},"modified":"2011-06-04T19:53:59","modified_gmt":"2011-06-04T17:53:59","slug":"dia_de_la_fiesta_nacional","status":"publish","type":"post","link":"https:\/\/junjan.org\/wordpress\/2010\/11\/dia_de_la_fiesta_nacional\/","title":{"rendered":"D\u00eda de la fiesta nacional"},"content":{"rendered":"<p>Hoy 20 de noviembre, d\u00eda de la fiesta federal, en el ya tradicional desfile por las calles de Madrid, nuestros representantes pol\u00edticos, seguidos por miles de personas llegadas de todas las esquinas de nuestra federaci\u00f3n de estados, celebran el trig\u00e9simo quinto aniversario de la muerte de Franco y del principio del fin de la dictadura. Los discursos del presidente del gobierno federal, de los presidentes de Euskadi, Andaluc\u00eda, Galiza y Catalunya, entre otros, adem\u00e1s de los principales representantes de organizaciones sociales y ONGs, han vuelto a recordarnos que a pesar de las diferencias pol\u00edticas, la unidad en el d\u00eda de la fiesta nacional es incuestionable.<\/p>\n","protected":false},"excerpt":{"rendered":"<p>Hoy 20 de noviembre, d\u00eda de la fiesta federal, en el ya tradicional desfile por las calles de Madrid, nuestros representantes pol\u00edticos, seguidos por miles de personas llegadas de todas las esquinas de nuestra federaci\u00f3n de estados, celebran el trig\u00e9simo quinto aniversario de la muerte de Franco y del principio del fin de la dictadura.&hellip;&nbsp;<a href=\"https:\/\/junjan.org\/wordpress\/2010\/11\/dia_de_la_fiesta_nacional\/\" rel=\"bookmark\">Leer m\u00e1s &raquo;<span class=\"screen-reader-text\">D\u00eda de la fiesta nacional<\/span><\/a><\/p>\n","protected":false},"author":1,"featured_media":0,"comment_status":"open","ping_status":"open","sticky":false,"template":"","format":"standard","meta":{"neve_meta_sidebar":"","neve_meta_container":"","neve_meta_enable_content_width":"","neve_meta_content_width":0,"neve_meta_title_alignment":"","neve_meta_author_avatar":"","neve_post_elements_order":"","neve_meta_disable_header":"","neve_meta_disable_footer":"","neve_meta_disable_title":"","footnotes":""},"categories":[84],"tags":[756,755,754],"class_list":["post-1050","post","type-post","status-publish","format-standard","hentry","category-divagaciones","tag-20n","tag-fiesta-nacional","tag-franco"],"_links":{"self":[{"href":"https:\/\/junjan.org\/wordpress\/wp-json\/wp\/v2\/posts\/1050","targetHints":{"allow":["GET"]}}],"collection":[{"href":"https:\/\/junjan.org\/wordpress\/wp-json\/wp\/v2\/posts"}],"about":[{"href":"https:\/\/junjan.org\/wordpress\/wp-json\/wp\/v2\/types\/post"}],"author":[{"embeddable":true,"href":"https:\/\/junjan.org\/wordpress\/wp-json\/wp\/v2\/users\/1"}],"replies":[{"embeddable":true,"href":"https:\/\/junjan.org\/wordpress\/wp-json\/wp\/v2\/comments?post=1050"}],"version-history":[{"count":1,"href":"https:\/\/junjan.org\/wordpress\/wp-json\/wp\/v2\/posts\/1050\/revisions"}],"predecessor-version":[{"id":1451,"href":"https:\/\/junjan.org\/wordpress\/wp-json\/wp\/v2\/posts\/1050\/revisions\/1451"}],"wp:attachment":[{"href":"https:\/\/junjan.org\/wordpress\/wp-json\/wp\/v2\/media?parent=1050"}],"wp:term":[{"taxonomy":"category","embeddable":true,"href":"https:\/\/junjan.org\/wordpress\/wp-json\/wp\/v2\/categories?post=1050"},{"taxonomy":"post_tag","embeddable":true,"href":"https:\/\/junjan.org\/wordpress\/wp-json\/wp\/v2\/tags?post=1050"}],"curies":[{"name":"wp","href":"https:\/\/api.w.org\/{rel}","templated":true}]}}