{"id":1063,"date":"2011-05-22T11:08:28","date_gmt":"2011-05-22T11:08:28","guid":{"rendered":"http:\/\/junjan.org\/wordpress\/?p=1063"},"modified":"2011-05-22T19:08:42","modified_gmt":"2011-05-22T17:08:42","slug":"comunicado-de-prensa-de-democracia-real-ya","status":"publish","type":"post","link":"https:\/\/junjan.org\/wordpress\/2011\/05\/comunicado-de-prensa-de-democracia-real-ya\/","title":{"rendered":"Comunicado de prensa de Democracia Real Ya"},"content":{"rendered":"<div>\n<p><strong>Comunicado de prensa enviado hoy 22 por la ma\u00f1ana<\/strong>: Democracia real Ya! ha decidido emitir este comunicado de urgencia a pesar de ser el d\u00eda de las elecciones municipales debido a la importancia de los temas a desmentir.<br \/>\nHan aparecido varias webs, perfiles de facebook, twitter y tuenti en los que se intenta suplantar nuestra identidad como movimiento, proponiendo acciones e ideas completamente opuestos a los que se recogen en nuestro manifiesto oficial.<\/p>\n<p>Queremos desde aqui aclarar que DRY no es un partido pol\u00edtico, nunca ha tenido pretensiones de serlo y no entra en sus proyectos convertirse en ninguno. Todas las p\u00e1ginas en las que se asocie a DRY con un partido pol\u00edtico son calumnias, ya que desde el principio DRY se ha definido como una plataforma apartidista y asindical.<br \/>\nLos \u00fanicos canales de comunicaci\u00f3n validos son la web oficial <a href=\"http:\/\/democraciarealya.es\" target=\"_blank\">democraciarealya.es<\/a>, el perfil de twitter @democraciareal, el perfil de facebook \/democraciarealya y los correos terminados en @democraciarealya.es. Pedimos a los medios que verifiquen cualquier informaci\u00f3n que les llegue por otros medios que no sean estos.<\/p>\n<p>Han aparecido, no solo reivindicaciones firmadas en nuestro nombre que nada tiene que ver con DRY, sino incluso personas que dicen ser representantes de esta plataforma y que anuncian acciones con fechas concretas. Desde aqui desmentimos esas declaraciones. La proxima semana convocaremos una rueda de prensa en la que se informar\u00e1 de las pr\u00f3ximas movilizaciones, hasta ese momento todo lo que se diga carece de veracidad.<\/p>\n<p>A trav\u00e9s de este comunicado DRY quiere denunciar la mala pr\u00e0ctica period\u00edstica de El Mundo, que el s\u00e1bado public\u00f3 un art\u00edculo en el que declaraba que Democracia real Ya! \u201cs\u00f3lo mantendr\u00eda contacto con los medios de comunicaci\u00f3n a trav\u00e9s de ruedas de prensa retransmitidas on line\u201d. En nombre de la extensa red de ciudades que integra DRY denunciamos la manipulaci\u00f3n de este medio, ya que esa medida es temporal y se aplica s\u00f3lo al grupo de Madrid, tal como ya se explic\u00f3 a este medio. Aun as\u00ed su art\u00edculo habla de DRY en general sin hacer menci\u00f3n a la especificidad local de esa medida en cuanto a la relacion con los medios de comunicaci\u00f3n y por tanto condenando al silencio medi\u00e1tico a m\u00e1s de 60 ciudades que en ning\u00fan momento han manifestado su intenci\u00f3n de no atender a la prensa.<br \/>\nEsperamos que este comunicado sirva para que El Mundo rectifique y para que el resto de medios de comunicaci\u00f3n sepan que siempre que la intenci\u00f3n sea dar informaci\u00f3n veraz sobre el movimiento estaremos encantados de atenderlos.<\/p>\n<p>DRY quiere aclarar tambi\u00e9n que las reivindicaciones de las acampadas no tiene porque coincidir con las suyas. Como convocatorias aut\u00f3nomas e independientes que son, cada acampada ha elaborado su propio manifiesto y sus reivindicaciones, que en ocasiones coinciden con las consensuadas por los miembros de DRY y en otras no. Las propuestas de DRY son las que estan publicadas en la web oficial. Cualquier otra propuesta que se haga p\u00fablica y se desmarque de las anteriores no proviene de DRY, aunque se anuncie como si as\u00ed fuera.<br \/>\nM\u00e1s all\u00e1 de estas acalaraciones, DRY aunque no las organice ni las convoque, apoya las acampadas y colabora en lo posible con ellas, ya que las reconoce como la expresi\u00f3n de la voz de la ciudadan\u00eda sin intermediarios, y esa era una de las reivindicaciones de la manifestaci\u00f3n del 15 de mayo.<\/p>\n<p>Por \u00faltimo, creemos necesario aclarar ante la cuidadania que nuestro movimiento nunca ha pedido la abstenci\u00f3n, ni el voto en blanco, ni el voto nulo, ni el voto para ning\u00fan partido en concreto. DRY promueve que la gente se informe y que decida por s\u00ed misma a qui\u00e9n entregar su voto seg\u00fan su ideolog\u00eda, puesto que al ser una plataforma plural, la diversidad de voto es tambien amplia. Nuestro objetivo es mejorar el sistema electoral actual, pero hasta que ese modelo cambie, creemos que cada persona debe participar como mejor le parezca.<\/p>\n<\/div>\n<p>&nbsp;<\/p>\n","protected":false},"excerpt":{"rendered":"<p>Comunicado de prensa enviado hoy 22 por la ma\u00f1ana: Democracia real Ya! ha decidido emitir este comunicado de urgencia a pesar de ser el d\u00eda de las elecciones municipales debido a la importancia de los temas a desmentir. Han aparecido varias webs, perfiles de facebook, twitter y tuenti en los que se intenta suplantar nuestra&hellip;&nbsp;<a href=\"https:\/\/junjan.org\/wordpress\/2011\/05\/comunicado-de-prensa-de-democracia-real-ya\/\" rel=\"bookmark\">Leer m\u00e1s &raquo;<span class=\"screen-reader-text\">Comunicado de prensa de Democracia Real Ya<\/span><\/a><\/p>\n","protected":false},"author":1,"featured_media":0,"comment_status":"open","ping_status":"open","sticky":false,"template":"","format":"standard","meta":{"neve_meta_sidebar":"","neve_meta_container":"","neve_meta_enable_content_width":"","neve_meta_content_width":0,"neve_meta_title_alignment":"","neve_meta_author_avatar":"","neve_post_elements_order":"","neve_meta_disable_header":"","neve_meta_disable_footer":"","neve_meta_disable_title":"","footnotes":""},"categories":[28],"tags":[477,478],"class_list":["post-1063","post","type-post","status-publish","format-standard","hentry","category-derechos","tag-15m","tag-democraciarealya"],"_links":{"self":[{"href":"https:\/\/junjan.org\/wordpress\/wp-json\/wp\/v2\/posts\/1063","targetHints":{"allow":["GET"]}}],"collection":[{"href":"https:\/\/junjan.org\/wordpress\/wp-json\/wp\/v2\/posts"}],"about":[{"href":"https:\/\/junjan.org\/wordpress\/wp-json\/wp\/v2\/types\/post"}],"author":[{"embeddable":true,"href":"https:\/\/junjan.org\/wordpress\/wp-json\/wp\/v2\/users\/1"}],"replies":[{"embeddable":true,"href":"https:\/\/junjan.org\/wordpress\/wp-json\/wp\/v2\/comments?post=1063"}],"version-history":[{"count":2,"href":"https:\/\/junjan.org\/wordpress\/wp-json\/wp\/v2\/posts\/1063\/revisions"}],"predecessor-version":[{"id":1148,"href":"https:\/\/junjan.org\/wordpress\/wp-json\/wp\/v2\/posts\/1063\/revisions\/1148"}],"wp:attachment":[{"href":"https:\/\/junjan.org\/wordpress\/wp-json\/wp\/v2\/media?parent=1063"}],"wp:term":[{"taxonomy":"category","embeddable":true,"href":"https:\/\/junjan.org\/wordpress\/wp-json\/wp\/v2\/categories?post=1063"},{"taxonomy":"post_tag","embeddable":true,"href":"https:\/\/junjan.org\/wordpress\/wp-json\/wp\/v2\/tags?post=1063"}],"curies":[{"name":"wp","href":"https:\/\/api.w.org\/{rel}","templated":true}]}}