{"id":111,"date":"2004-05-12T11:53:40","date_gmt":"2004-05-12T11:53:40","guid":{"rendered":"http:\/\/junjan.org\/wordpress\/?p=111"},"modified":"2004-05-12T11:53:40","modified_gmt":"2004-05-12T11:53:40","slug":"el_plumero","status":"publish","type":"post","link":"https:\/\/junjan.org\/wordpress\/2004\/05\/el_plumero\/","title":{"rendered":"El plumero"},"content":{"rendered":"<p>En un art\u00edculo de Cesar Vidal en \u00ab[\u00abLa Raz\u00f3n\u00bb:http:\/\/www.larazon.es\/noticias\/noti_col10.htm]\u00bb sobre la pol\u00e9mica en Alemania acerca de el mantenimiento de la prohibici\u00f3n de editar \u00abMein Kampf\u00bb de Adolf Hitler, se le ve el plumero. Y mucho. El art\u00edculo apoya la reedici\u00f3n, ya que es un documento de nuestra historia negra que merece ser recordado para que no se repita. Pero, _algunas comparaciones son muy odiosas_. Odiosas en si mismas, y odiosas por lo que obvian y por lo que implican.<br \/>\nFragmento:<\/p>\n<div class=\"citation\">\n\u00abUn libro como \u00abMein Kampf\u00bb \u00acal igual que los exabruptos racistas de Sabino Arana, el fundador del PNV; o los llamamientos a la guerra civil de Largo Caballero o las \u00f3rdenes dirigidas contra los no-musulmanes en el Cor\u00e1n\u00ac no debe sepultarse en el olvido sino despertar en nosotros la convicci\u00f3n de que los vaticinios m\u00e1s espantosos pueden convertirse en realidad y que no dejar\u00e1 de ser as\u00ed porque nos desagrade aceptarlo.\u00bb\n<\/div>\n<p>\u00bfDeducimos entonces que los socialistas republicanos eran similares a los nacionalsocialistas? \u00bfEquiparamos el islam con el nazismo?<br \/>\nInteresantes clases de historia&#8230;<\/p>\n","protected":false},"excerpt":{"rendered":"<p>En un art\u00edculo de Cesar Vidal en \u00ab[\u00abLa Raz\u00f3n\u00bb:http:\/\/www.larazon.es\/noticias\/noti_col10.htm]\u00bb sobre la pol\u00e9mica en Alemania acerca de el mantenimiento de la prohibici\u00f3n de editar \u00abMein Kampf\u00bb de Adolf Hitler, se le ve el plumero. Y mucho. El art\u00edculo apoya la reedici\u00f3n, ya que es un documento de nuestra historia negra que merece ser recordado para que&hellip;&nbsp;<a href=\"https:\/\/junjan.org\/wordpress\/2004\/05\/el_plumero\/\" rel=\"bookmark\">Leer m\u00e1s &raquo;<span class=\"screen-reader-text\">El plumero<\/span><\/a><\/p>\n","protected":false},"author":1,"featured_media":0,"comment_status":"open","ping_status":"open","sticky":false,"template":"","format":"standard","meta":{"neve_meta_sidebar":"","neve_meta_container":"","neve_meta_enable_content_width":"","neve_meta_content_width":0,"neve_meta_title_alignment":"","neve_meta_author_avatar":"","neve_post_elements_order":"","neve_meta_disable_header":"","neve_meta_disable_footer":"","neve_meta_disable_title":"","footnotes":""},"categories":[9],"tags":[],"class_list":["post-111","post","type-post","status-publish","format-standard","hentry","category-opinion"],"_links":{"self":[{"href":"https:\/\/junjan.org\/wordpress\/wp-json\/wp\/v2\/posts\/111","targetHints":{"allow":["GET"]}}],"collection":[{"href":"https:\/\/junjan.org\/wordpress\/wp-json\/wp\/v2\/posts"}],"about":[{"href":"https:\/\/junjan.org\/wordpress\/wp-json\/wp\/v2\/types\/post"}],"author":[{"embeddable":true,"href":"https:\/\/junjan.org\/wordpress\/wp-json\/wp\/v2\/users\/1"}],"replies":[{"embeddable":true,"href":"https:\/\/junjan.org\/wordpress\/wp-json\/wp\/v2\/comments?post=111"}],"version-history":[{"count":0,"href":"https:\/\/junjan.org\/wordpress\/wp-json\/wp\/v2\/posts\/111\/revisions"}],"wp:attachment":[{"href":"https:\/\/junjan.org\/wordpress\/wp-json\/wp\/v2\/media?parent=111"}],"wp:term":[{"taxonomy":"category","embeddable":true,"href":"https:\/\/junjan.org\/wordpress\/wp-json\/wp\/v2\/categories?post=111"},{"taxonomy":"post_tag","embeddable":true,"href":"https:\/\/junjan.org\/wordpress\/wp-json\/wp\/v2\/tags?post=111"}],"curies":[{"name":"wp","href":"https:\/\/api.w.org\/{rel}","templated":true}]}}