{"id":118,"date":"2004-05-16T22:44:38","date_gmt":"2004-05-16T22:44:38","guid":{"rendered":"http:\/\/junjan.org\/wordpress\/?p=118"},"modified":"2011-06-03T19:39:27","modified_gmt":"2011-06-03T17:39:27","slug":"las_cloacas_del_pentgono","status":"publish","type":"post","link":"https:\/\/junjan.org\/wordpress\/2004\/05\/las_cloacas_del_pentgono\/","title":{"rendered":"Las Cloacas del Pent\u00e1gono"},"content":{"rendered":"<p><a href=\"http:\/\/www.elpais.es\/articuloCompleto_buscador.html?d_date=&amp;xref=20040516elpepuint_2&amp;type=Tes&amp;anchor=elpporint\" target=\"_blank\">El Pa\u00eds<\/a><\/p>\n<blockquote><p>Las torturas a presos iraqu\u00edes en la c\u00e1rcel de Abu Ghraib no son casos aislados y espont\u00e1neos como defiende el Gobierno de Estados Unidos, sino que forman parte de un plan \u00abaltamente secreto\u00bb elaborado por el Pent\u00e1gono y que fue aprobado en agosto del a\u00f1o pasado por el secretario de Estado de Defensa, Donald Rumsfeld, seg\u00fan afirma la revista The New Yorker en un reportaje que publicar\u00e1 el lunes y que el semanario adelanta hoy en su p\u00e1gina web. El Pent\u00e1gono niega la noticia en un comunicado, en el que califica las acusaciones de \u00abextra\u00f1as y conspirativas\u00bb.<\/p><\/blockquote>\n<p>Art\u00edculo de la revista <a href=\"http:\/\/www.newyorker.com\/fact\/content\/?040524fa_fact\" target=\"_blank\">New Yorker<\/a>. Fragmento:<\/p>\n<blockquote><p>By contrast, according to the military report, the American and Coalition forces knew little about the insurgency: \u201cHuman intelligence is poor or lacking . . . due to the dearth of competence and expertise. . . . The intelligence effort is not co\u00f6rdinated since either too many groups are involved in gathering intelligence or the final product does not get to the troops in the field in a timely manner.\u201d The success of the war was at risk; something had to be done to change the dynamic.<br \/>\nThe solution, endorsed by Rumsfeld and carried out by Stephen Cambone, was to get tough with those Iraqis in the Army prison system who were suspected of being insurgents. A key player was Major General Geoffrey Miller, the commander of the detention and interrogation center at Guant\u00e1namo, who had been summoned to Baghdad in late August to review prison interrogation procedures. The internal Army report on the abuse charges, written by Major General Antonio Taguba in February, revealed that Miller urged that the commanders in Baghdad change policy and place military intelligence in charge of the prison. The report quoted Miller as recommending that \u201cdetention operations must act as an enabler for interrogation.\u201d<br \/>\n(&#8230;)<\/p><\/blockquote>\n","protected":false},"excerpt":{"rendered":"<p>El Pa\u00eds Las torturas a presos iraqu\u00edes en la c\u00e1rcel de Abu Ghraib no son casos aislados y espont\u00e1neos como defiende el Gobierno de Estados Unidos, sino que forman parte de un plan \u00abaltamente secreto\u00bb elaborado por el Pent\u00e1gono y que fue aprobado en agosto del a\u00f1o pasado por el secretario de Estado de Defensa,&hellip;&nbsp;<a href=\"https:\/\/junjan.org\/wordpress\/2004\/05\/las_cloacas_del_pentgono\/\" rel=\"bookmark\">Leer m\u00e1s &raquo;<span class=\"screen-reader-text\">Las Cloacas del Pent\u00e1gono<\/span><\/a><\/p>\n","protected":false},"author":1,"featured_media":0,"comment_status":"open","ping_status":"open","sticky":false,"template":"","format":"standard","meta":{"neve_meta_sidebar":"","neve_meta_container":"","neve_meta_enable_content_width":"","neve_meta_content_width":0,"neve_meta_title_alignment":"","neve_meta_author_avatar":"","neve_post_elements_order":"","neve_meta_disable_header":"","neve_meta_disable_footer":"","neve_meta_disable_title":"","footnotes":""},"categories":[5],"tags":[728,730,584,729],"class_list":["post-118","post","type-post","status-publish","format-standard","hentry","category-actualidad","tag-abu-ghraib","tag-brutalidad","tag-eeuu","tag-irak"],"_links":{"self":[{"href":"https:\/\/junjan.org\/wordpress\/wp-json\/wp\/v2\/posts\/118","targetHints":{"allow":["GET"]}}],"collection":[{"href":"https:\/\/junjan.org\/wordpress\/wp-json\/wp\/v2\/posts"}],"about":[{"href":"https:\/\/junjan.org\/wordpress\/wp-json\/wp\/v2\/types\/post"}],"author":[{"embeddable":true,"href":"https:\/\/junjan.org\/wordpress\/wp-json\/wp\/v2\/users\/1"}],"replies":[{"embeddable":true,"href":"https:\/\/junjan.org\/wordpress\/wp-json\/wp\/v2\/comments?post=118"}],"version-history":[{"count":3,"href":"https:\/\/junjan.org\/wordpress\/wp-json\/wp\/v2\/posts\/118\/revisions"}],"predecessor-version":[{"id":1418,"href":"https:\/\/junjan.org\/wordpress\/wp-json\/wp\/v2\/posts\/118\/revisions\/1418"}],"wp:attachment":[{"href":"https:\/\/junjan.org\/wordpress\/wp-json\/wp\/v2\/media?parent=118"}],"wp:term":[{"taxonomy":"category","embeddable":true,"href":"https:\/\/junjan.org\/wordpress\/wp-json\/wp\/v2\/categories?post=118"},{"taxonomy":"post_tag","embeddable":true,"href":"https:\/\/junjan.org\/wordpress\/wp-json\/wp\/v2\/tags?post=118"}],"curies":[{"name":"wp","href":"https:\/\/api.w.org\/{rel}","templated":true}]}}