{"id":119,"date":"2004-05-17T00:02:53","date_gmt":"2004-05-17T00:02:53","guid":{"rendered":"http:\/\/junjan.org\/wordpress\/?p=119"},"modified":"2004-05-17T00:02:53","modified_gmt":"2004-05-17T00:02:53","slug":"memoria_histrica","status":"publish","type":"post","link":"https:\/\/junjan.org\/wordpress\/2004\/05\/memoria_histrica\/","title":{"rendered":"Memoria Hist\u00f3rica"},"content":{"rendered":"<p>\u00abEl Pa\u00eds(Suscripci\u00f3n)\u00bb:http:\/\/www.elpais.es\/articuloCompleto.html?d_date=&#038;xref=20040516elpepinac_14&#038;type=Tes&#038;anchor=elpporesp<\/p>\n<div class=\"citation\">\nHasta 17 asociaciones y organizaciones en favor de la recuperaci\u00f3n de la memoria hist\u00f3rica, entre las que se encuentra la Asociaci\u00f3n para la creaci\u00f3n del Archivo de la Guerra Civil y las Brigadas Internacionales, han suscrito un documento para reivindicar al Gobierno la necesidad de recordar y sacar a la luz \u00abla represi\u00f3n franquista y los hechos en los que se materializ\u00f3 la misma, principalmente las represalias y el exterminio contra la poblaci\u00f3n civil\u00bb.<br \/>\nPara ello han elaborado un plan de acci\u00f3n con 18 propuestas, entre las que destacan: la ratificaci\u00f3n de la \u00abConvenci\u00f3n sobre la imprescriptibilidad de los cr\u00edmenes de guerra y de los cr\u00edmenes de lesa humanidad\u00bb; declarar por ley la nulidad de todas las acciones legales de r\u00e9gimen franquista; elaborar una ley de exhumaciones e identificaci\u00f3n de v\u00edctimas; elaboraci\u00f3n de un manual de Antropolog\u00eda forense adaptado a las normas internacionales de derechos humanos; normalizaci\u00f3n legislativa de los bancos de datos de ADN para la identificaci\u00f3n de v\u00edctimas; ley de reconocimiento de los campos de concentraci\u00f3n y de los trabajos forzosos y reconstrucci\u00f3n de las listas de las v\u00edctimas espa\u00f1olas en terceros pa\u00edses como consecuencia del r\u00e9gimen franquista, incluyendo a los denominados \u00abni\u00f1os de la guerra\u00bb.\n<\/div>\n<p>Enlaces:<br \/>\n\u00ac \u00abAsociaci\u00f3n para la Recuperaci\u00f3n de la Memoria Hist\u00f3rica\u00bb:http:\/\/www.memoriahistorica.org\/<br \/>\n\u00ac \u00abArchivo Guerra Civil y Exilio\u00bb:http:\/\/www.galeon.com\/agenoticias\/<br \/>\n\u00ac \u00abAsociaci\u00f3n de amigos de las Brigadas Internacionales\u00bb:http:\/\/www.brigadasinternacionales.org\/<\/p>\n","protected":false},"excerpt":{"rendered":"<p>\u00abEl Pa\u00eds(Suscripci\u00f3n)\u00bb:http:\/\/www.elpais.es\/articuloCompleto.html?d_date=&#038;xref=20040516elpepinac_14&#038;type=Tes&#038;anchor=elpporesp Hasta 17 asociaciones y organizaciones en favor de la recuperaci\u00f3n de la memoria hist\u00f3rica, entre las que se encuentra la Asociaci\u00f3n para la creaci\u00f3n del Archivo de la Guerra Civil y las Brigadas Internacionales, han suscrito un documento para reivindicar al Gobierno la necesidad de recordar y sacar a la luz \u00abla represi\u00f3n&hellip;&nbsp;<a href=\"https:\/\/junjan.org\/wordpress\/2004\/05\/memoria_histrica\/\" rel=\"bookmark\">Leer m\u00e1s &raquo;<span class=\"screen-reader-text\">Memoria Hist\u00f3rica<\/span><\/a><\/p>\n","protected":false},"author":1,"featured_media":0,"comment_status":"open","ping_status":"open","sticky":false,"template":"","format":"standard","meta":{"neve_meta_sidebar":"","neve_meta_container":"","neve_meta_enable_content_width":"","neve_meta_content_width":0,"neve_meta_title_alignment":"","neve_meta_author_avatar":"","neve_post_elements_order":"","neve_meta_disable_header":"","neve_meta_disable_footer":"","neve_meta_disable_title":"","footnotes":""},"categories":[5],"tags":[],"class_list":["post-119","post","type-post","status-publish","format-standard","hentry","category-actualidad"],"_links":{"self":[{"href":"https:\/\/junjan.org\/wordpress\/wp-json\/wp\/v2\/posts\/119","targetHints":{"allow":["GET"]}}],"collection":[{"href":"https:\/\/junjan.org\/wordpress\/wp-json\/wp\/v2\/posts"}],"about":[{"href":"https:\/\/junjan.org\/wordpress\/wp-json\/wp\/v2\/types\/post"}],"author":[{"embeddable":true,"href":"https:\/\/junjan.org\/wordpress\/wp-json\/wp\/v2\/users\/1"}],"replies":[{"embeddable":true,"href":"https:\/\/junjan.org\/wordpress\/wp-json\/wp\/v2\/comments?post=119"}],"version-history":[{"count":0,"href":"https:\/\/junjan.org\/wordpress\/wp-json\/wp\/v2\/posts\/119\/revisions"}],"wp:attachment":[{"href":"https:\/\/junjan.org\/wordpress\/wp-json\/wp\/v2\/media?parent=119"}],"wp:term":[{"taxonomy":"category","embeddable":true,"href":"https:\/\/junjan.org\/wordpress\/wp-json\/wp\/v2\/categories?post=119"},{"taxonomy":"post_tag","embeddable":true,"href":"https:\/\/junjan.org\/wordpress\/wp-json\/wp\/v2\/tags?post=119"}],"curies":[{"name":"wp","href":"https:\/\/api.w.org\/{rel}","templated":true}]}}