{"id":120,"date":"2004-05-17T16:27:53","date_gmt":"2004-05-17T16:27:53","guid":{"rendered":"http:\/\/junjan.org\/wordpress\/?p=120"},"modified":"2004-05-17T16:27:53","modified_gmt":"2004-05-17T16:27:53","slug":"en_sus_trece","status":"publish","type":"post","link":"https:\/\/junjan.org\/wordpress\/2004\/05\/en_sus_trece\/","title":{"rendered":"En sus trece"},"content":{"rendered":"<p>Contra toda l\u00f3gica, \u00c1ngel Acebes sigue en sus trece.<br \/>\nEn declaraciones a \u00ab[\u00abEl Confidencial\u00bb:http:\/\/www.elconfidencial.com\/noticias\/indice.asp?fecha_d=17\/05\/2004&#038;dia_s=Lunes&#038;psw=&#038;noticia=1]\u00bb sigue sin admitir la manipulaci\u00f3n de la informaci\u00f3n tras el 11M. Adem\u00e1s le da a los atentados la categor\u00eda de \u00abgolpe de estado\u00bb terrorista al compararlos con el 23F.<\/p>\n<div class=\"citation\">\n\u00abHe vivido una situaci\u00f3n l\u00edmite, en lo personal y en lo pol\u00edtico. Esto es lo m\u00e1s grave que ha ocurrido en nuestra democracia, m\u00e1s importante, m\u00e1s brutal, m\u00e1s decisivo que el 23-F. Aquello, al final no pas\u00f3 de un intento fallido. Aqu\u00ed ha habido 200 muertos y un cambio de Gobierno y a la vez un cambio en la pol\u00edtica europea y en la coalici\u00f3n que combate en Iraq.\n<\/div>\n<p>Siguiendo su enrevesada l\u00f3gica, el golpe de estado lo habr\u00edan hecho ellos contra si mismos, al ocultar la informaci\u00f3n y dar una buena excusa a millones de personas para ir a votar.<br \/>\n\u00bfCuanto tiempo seguir\u00e1n con las anteojeras que les ocultan la realidad?<\/p>\n","protected":false},"excerpt":{"rendered":"<p>Contra toda l\u00f3gica, \u00c1ngel Acebes sigue en sus trece. En declaraciones a \u00ab[\u00abEl Confidencial\u00bb:http:\/\/www.elconfidencial.com\/noticias\/indice.asp?fecha_d=17\/05\/2004&#038;dia_s=Lunes&#038;psw=&#038;noticia=1]\u00bb sigue sin admitir la manipulaci\u00f3n de la informaci\u00f3n tras el 11M. Adem\u00e1s le da a los atentados la categor\u00eda de \u00abgolpe de estado\u00bb terrorista al compararlos con el 23F. \u00abHe vivido una situaci\u00f3n l\u00edmite, en lo personal y en lo pol\u00edtico.&hellip;&nbsp;<a href=\"https:\/\/junjan.org\/wordpress\/2004\/05\/en_sus_trece\/\" rel=\"bookmark\">Leer m\u00e1s &raquo;<span class=\"screen-reader-text\">En sus trece<\/span><\/a><\/p>\n","protected":false},"author":1,"featured_media":0,"comment_status":"open","ping_status":"open","sticky":false,"template":"","format":"standard","meta":{"neve_meta_sidebar":"","neve_meta_container":"","neve_meta_enable_content_width":"","neve_meta_content_width":0,"neve_meta_title_alignment":"","neve_meta_author_avatar":"","neve_post_elements_order":"","neve_meta_disable_header":"","neve_meta_disable_footer":"","neve_meta_disable_title":"","footnotes":""},"categories":[5],"tags":[],"class_list":["post-120","post","type-post","status-publish","format-standard","hentry","category-actualidad"],"_links":{"self":[{"href":"https:\/\/junjan.org\/wordpress\/wp-json\/wp\/v2\/posts\/120","targetHints":{"allow":["GET"]}}],"collection":[{"href":"https:\/\/junjan.org\/wordpress\/wp-json\/wp\/v2\/posts"}],"about":[{"href":"https:\/\/junjan.org\/wordpress\/wp-json\/wp\/v2\/types\/post"}],"author":[{"embeddable":true,"href":"https:\/\/junjan.org\/wordpress\/wp-json\/wp\/v2\/users\/1"}],"replies":[{"embeddable":true,"href":"https:\/\/junjan.org\/wordpress\/wp-json\/wp\/v2\/comments?post=120"}],"version-history":[{"count":0,"href":"https:\/\/junjan.org\/wordpress\/wp-json\/wp\/v2\/posts\/120\/revisions"}],"wp:attachment":[{"href":"https:\/\/junjan.org\/wordpress\/wp-json\/wp\/v2\/media?parent=120"}],"wp:term":[{"taxonomy":"category","embeddable":true,"href":"https:\/\/junjan.org\/wordpress\/wp-json\/wp\/v2\/categories?post=120"},{"taxonomy":"post_tag","embeddable":true,"href":"https:\/\/junjan.org\/wordpress\/wp-json\/wp\/v2\/tags?post=120"}],"curies":[{"name":"wp","href":"https:\/\/api.w.org\/{rel}","templated":true}]}}