{"id":122,"date":"2004-05-17T23:43:27","date_gmt":"2004-05-17T23:43:27","guid":{"rendered":"http:\/\/junjan.org\/wordpress\/?p=122"},"modified":"2004-05-17T23:43:27","modified_gmt":"2004-05-17T23:43:27","slug":"arqueologa_poltica","status":"publish","type":"post","link":"https:\/\/junjan.org\/wordpress\/2004\/05\/arqueologa_poltica\/","title":{"rendered":"Arqueolog\u00eda pol\u00edtica"},"content":{"rendered":"<p>El candidato a las elecciones europeas por el PP, Jaime Mayor Oreja, ha comenzado su campa\u00f1a usando las mismas manidas estrategias que su partido lleva usando quince a\u00f1os. Recomienda Mayor Oreja al candidato del PSOE, Josep Borrell, que si quiere hablar de torturas, hable de los GAL y no de las de Irak.<br \/>\nLo risible del asunto es que el candidato popular utiliza el mismo argumento que he leido innumerables veces en foros de la onda _liberal_ m\u00e1s casposa. \u00bfestar\u00e1n usando los candidatos del PP los blogs liberales como fuente \u00faltima de inspiraci\u00f3n?<br \/>\n\u00bfIntentar\u00e1 remontarse a la guerra civil para el pr\u00f3ximo discurso?<br \/>\nLo siguiente ser\u00e1 nombrar los muertos de Paracuellos del Jarama, y compararlos con los soldados americanos muertos en defensa de la democratizaci\u00f3n de Irak, no sin hacer alguna comparaci\u00f3n de Sadam con Largo Caballero, etc.<br \/>\nY si la campa\u00f1a va muy mal acabar\u00e1 comparando a George Bush con Fernando el Cat\u00f3lico y la democratizaci\u00f3n de Irak con la conquista de Am\u00e9rica&#8230;<br \/>\nPat\u00e9tico.<\/p>\n","protected":false},"excerpt":{"rendered":"<p>El candidato a las elecciones europeas por el PP, Jaime Mayor Oreja, ha comenzado su campa\u00f1a usando las mismas manidas estrategias que su partido lleva usando quince a\u00f1os. Recomienda Mayor Oreja al candidato del PSOE, Josep Borrell, que si quiere hablar de torturas, hable de los GAL y no de las de Irak. Lo risible&hellip;&nbsp;<a href=\"https:\/\/junjan.org\/wordpress\/2004\/05\/arqueologa_poltica\/\" rel=\"bookmark\">Leer m\u00e1s &raquo;<span class=\"screen-reader-text\">Arqueolog\u00eda pol\u00edtica<\/span><\/a><\/p>\n","protected":false},"author":1,"featured_media":0,"comment_status":"open","ping_status":"open","sticky":false,"template":"","format":"standard","meta":{"neve_meta_sidebar":"","neve_meta_container":"","neve_meta_enable_content_width":"","neve_meta_content_width":0,"neve_meta_title_alignment":"","neve_meta_author_avatar":"","neve_post_elements_order":"","neve_meta_disable_header":"","neve_meta_disable_footer":"","neve_meta_disable_title":"","footnotes":""},"categories":[9],"tags":[],"class_list":["post-122","post","type-post","status-publish","format-standard","hentry","category-opinion"],"_links":{"self":[{"href":"https:\/\/junjan.org\/wordpress\/wp-json\/wp\/v2\/posts\/122","targetHints":{"allow":["GET"]}}],"collection":[{"href":"https:\/\/junjan.org\/wordpress\/wp-json\/wp\/v2\/posts"}],"about":[{"href":"https:\/\/junjan.org\/wordpress\/wp-json\/wp\/v2\/types\/post"}],"author":[{"embeddable":true,"href":"https:\/\/junjan.org\/wordpress\/wp-json\/wp\/v2\/users\/1"}],"replies":[{"embeddable":true,"href":"https:\/\/junjan.org\/wordpress\/wp-json\/wp\/v2\/comments?post=122"}],"version-history":[{"count":0,"href":"https:\/\/junjan.org\/wordpress\/wp-json\/wp\/v2\/posts\/122\/revisions"}],"wp:attachment":[{"href":"https:\/\/junjan.org\/wordpress\/wp-json\/wp\/v2\/media?parent=122"}],"wp:term":[{"taxonomy":"category","embeddable":true,"href":"https:\/\/junjan.org\/wordpress\/wp-json\/wp\/v2\/categories?post=122"},{"taxonomy":"post_tag","embeddable":true,"href":"https:\/\/junjan.org\/wordpress\/wp-json\/wp\/v2\/tags?post=122"}],"curies":[{"name":"wp","href":"https:\/\/api.w.org\/{rel}","templated":true}]}}