{"id":123,"date":"2004-05-18T00:03:41","date_gmt":"2004-05-18T00:03:41","guid":{"rendered":"http:\/\/junjan.org\/wordpress\/?p=123"},"modified":"2004-05-18T00:03:41","modified_gmt":"2004-05-18T00:03:41","slug":"monrquicos_y_babosos","status":"publish","type":"post","link":"https:\/\/junjan.org\/wordpress\/2004\/05\/monrquicos_y_babosos\/","title":{"rendered":"Mon\u00e1rquicos y babosos"},"content":{"rendered":"<p>Alberto Ruiz-Gallard\u00f3n, insigne alcalde de Madrid, ha lanzado un bando en relaci\u00f3n a los preparativos para la boda del principito. ([\u00abpdf\u00bb:http:\/\/www.elmundo.es\/documentos\/2004\/05\/17\/ruizgallardon-boda.pdf])<br \/>\nEmpieza almibarado:<\/p>\n<blockquote><p>\u00abLa ciudad se prepara para una **nueva cita con la Historia**. Despu\u00e9s de casi un siglo, la Corona vuelve a confiar en Madrid para ser digna anfitriona de una boda real. Es una responsabilidad que nos ofrece la oportunidad de reafirmar nuestro car\u00e1cter abierto y cordial, y de desplegar ante Espa\u00f1a y ante el mundo toda nuestra capacidad de profesionalidad, hospitalidad y entusiasmo. Este<br \/>\nimportante cometido representa adem\u00e1s una **hora festiva y feliz**, durante la cual, de modo sereno pero sincero, **Madrid podr\u00e1 hablar otra vez el lenguaje de la esperanza**.\u00bb<\/p><\/blockquote>\n<p>No es que yo sea un exaltado republicano, pero dir\u00eda que Gallard\u00f3n se pincha.<br \/>\nPero la cosa aumenta su grado de idiotez cual Tsunami embravecido.<\/p>\n<blockquote><p>\n**Somos la gran capital de una gran Naci\u00f3n**. Por eso, aunque estamos acostumbrados a vivir en las condiciones siempre exigentes que establece esa circunstancia, es preciso que todos hagamos un esfuerzo especial, aportando la m\u00e1xima participaci\u00f3n y la m\u00e1s afectuosa de las actitudes, para que la celebraci\u00f3n constituya un \u00e9xito en todos los aspectos. Madrid, que en su hora m\u00e1s dif\u00edcil ha recibido el calor y el apoyo de la Corona, tiene que devolver ahora esa cercan\u00eda que siempre ha encontrado en sus titulares y representantes. As\u00ed, engalanada Madrid y dispuestos los protagonistas, tan s\u00f3lo una cosa se precisa para que el acontecimiento alcance el \u00e9xito que todos deseamos: que el pr\u00f3ximo 22 de mayo **los ciudadanos os sum\u00e9is a la alegr\u00eda de la Familia Real y expres\u00e9is en las calles, franca y visiblemente, toda vuestra tranquila alegr\u00eda, vuestra leal satisfacci\u00f3n, ante el enlace matrimonial de Su Alteza Real el Pr\u00edncipe de Asturias y Do\u00f1a Letizia Ortiz Rocasolano.**\n<\/p><\/blockquote>\n<p>\u00a1Toma ya! Aqu\u00ed ha ganado el premio. Se lo doy gustoso. **\u00bbPelotilla del mes\u00bb.** Todo para t\u00ed.<br \/>\nContin\u00faa bastante pl\u00fambeo y acaba con un final digno del premio que acaba de recibir.<\/p>\n<blockquote><p>(&#8230;) Madrid detendr\u00e1 este s\u00e1bado su discurrir habitual para entregarse a esta **estimulante tarea**, que, desde este mismo momento precisa ya de la comprensi\u00f3n y colaboraci\u00f3n de todos los ciudadanos.<br \/>\nAs\u00ed, Madrid podr\u00e1 convertirse en una fiesta honda y abierta, y recordar\u00e1 que su mayor patrimonio es el que atesora en todos y cada uno de vosotros: una inquebrantable voluntad de superar la limitada condici\u00f3n del espectador, para convertirse, mucho m\u00e1s all\u00e1, **en parte viva de los acontecimientos hist\u00f3ricos de Espa\u00f1a.** De ese modo, con vuestro decidido concurso, y fieles a la hospitalidad que hab\u00e9is hecho c\u00e9lebre, Madrid no ser\u00e1 s\u00f3lo fachada de un d\u00eda, sino duradera realidad que habr\u00e1 de perdurar en el tiempo.<\/p><\/blockquote>\n<p>\u00a1\u00a1Aleluya!!<\/p>\n","protected":false},"excerpt":{"rendered":"<p>Alberto Ruiz-Gallard\u00f3n, insigne alcalde de Madrid, ha lanzado un bando en relaci\u00f3n a los preparativos para la boda del principito. ([\u00abpdf\u00bb:http:\/\/www.elmundo.es\/documentos\/2004\/05\/17\/ruizgallardon-boda.pdf]) Empieza almibarado: \u00abLa ciudad se prepara para una **nueva cita con la Historia**. Despu\u00e9s de casi un siglo, la Corona vuelve a confiar en Madrid para ser digna anfitriona de una boda real. Es&hellip;&nbsp;<a href=\"https:\/\/junjan.org\/wordpress\/2004\/05\/monrquicos_y_babosos\/\" rel=\"bookmark\">Leer m\u00e1s &raquo;<span class=\"screen-reader-text\">Mon\u00e1rquicos y babosos<\/span><\/a><\/p>\n","protected":false},"author":1,"featured_media":0,"comment_status":"open","ping_status":"open","sticky":false,"template":"","format":"standard","meta":{"neve_meta_sidebar":"","neve_meta_container":"","neve_meta_enable_content_width":"","neve_meta_content_width":0,"neve_meta_title_alignment":"","neve_meta_author_avatar":"","neve_post_elements_order":"","neve_meta_disable_header":"","neve_meta_disable_footer":"","neve_meta_disable_title":"","footnotes":""},"categories":[9],"tags":[],"class_list":["post-123","post","type-post","status-publish","format-standard","hentry","category-opinion"],"_links":{"self":[{"href":"https:\/\/junjan.org\/wordpress\/wp-json\/wp\/v2\/posts\/123","targetHints":{"allow":["GET"]}}],"collection":[{"href":"https:\/\/junjan.org\/wordpress\/wp-json\/wp\/v2\/posts"}],"about":[{"href":"https:\/\/junjan.org\/wordpress\/wp-json\/wp\/v2\/types\/post"}],"author":[{"embeddable":true,"href":"https:\/\/junjan.org\/wordpress\/wp-json\/wp\/v2\/users\/1"}],"replies":[{"embeddable":true,"href":"https:\/\/junjan.org\/wordpress\/wp-json\/wp\/v2\/comments?post=123"}],"version-history":[{"count":0,"href":"https:\/\/junjan.org\/wordpress\/wp-json\/wp\/v2\/posts\/123\/revisions"}],"wp:attachment":[{"href":"https:\/\/junjan.org\/wordpress\/wp-json\/wp\/v2\/media?parent=123"}],"wp:term":[{"taxonomy":"category","embeddable":true,"href":"https:\/\/junjan.org\/wordpress\/wp-json\/wp\/v2\/categories?post=123"},{"taxonomy":"post_tag","embeddable":true,"href":"https:\/\/junjan.org\/wordpress\/wp-json\/wp\/v2\/tags?post=123"}],"curies":[{"name":"wp","href":"https:\/\/api.w.org\/{rel}","templated":true}]}}