{"id":124,"date":"2004-05-18T12:17:30","date_gmt":"2004-05-18T12:17:30","guid":{"rendered":"http:\/\/junjan.org\/wordpress\/?p=124"},"modified":"2004-05-18T12:17:30","modified_gmt":"2004-05-18T12:17:30","slug":"financiar_la_cultura","status":"publish","type":"post","link":"https:\/\/junjan.org\/wordpress\/2004\/05\/financiar_la_cultura\/","title":{"rendered":"Financiar la Cultura"},"content":{"rendered":"<p>\u00bfQui\u00e9n osaba decir que el PP no financiaba la Cultura?<br \/>\n\u00a1Mentira!<br \/>\nEl gobierno del PP \u00abfinanci\u00f3 generosamente\u00bb:http:\/\/www.cadenaser.com\/articulo.html?d_date=&#038;xref=20040517csrcsrnac_11&#038;type=Tes&#038;anchor=csrcsrpor a una de las asociaciones culturales m\u00e1s insignes de nuestro pa\u00eds, la [\u00abFundaci\u00f3n Faes\u00bb:http:\/\/www.fundaes.es\/default.cfm].  Fundaci\u00f3n que promueve los m\u00e1s grandes ideales y valores constitucionales.<br \/>\n\u00bfQu\u00e9 esta fundaci\u00f3n esta \u00abcasualmente\u00bb formada por miembros del PP? \u00bfQu\u00e9 ese gran procer de la pol\u00edtica, las artes y las letras \u00abJose Mar\u00eda Aznar\u00bb es su actual presidente? Pues, si. \u00bfQui\u00e9n mejor?<br \/>\n\u00a1Malpensados!<br \/>\nAdem\u00e1s y para que veais c\u00f3mo esta gran fundaci\u00f3n est\u00e1 promoviendo el nombre de _Espa\u00f1a_ por el mundo civilizado, su presidente est\u00e1 haciendo una ronda para hablar con los m\u00e1s grandes l\u00edderes pol\u00edticos, Rumsfeld, Rice y Bush.<br \/>\nPara que tal fin se lleve a cabo, no escatimaremos la ayuda, todos los recursos de Espa\u00f1a estar\u00e1n \u00ab[\u00aba su disposici\u00f3n\u00bb:http:\/\/www.cadenaser.com\/articulo.html?d_date=&#038;xref=20040518csrcsrnac_1&#038;type=Tes&#038;anchor=csrcsrpor]\u00bb. Como a cualquier otro ciudadano, la embajada de Espa\u00f1a le dar\u00e1 alojamiento y protecci\u00f3n.<\/p>\n","protected":false},"excerpt":{"rendered":"<p>\u00bfQui\u00e9n osaba decir que el PP no financiaba la Cultura? \u00a1Mentira! El gobierno del PP \u00abfinanci\u00f3 generosamente\u00bb:http:\/\/www.cadenaser.com\/articulo.html?d_date=&#038;xref=20040517csrcsrnac_11&#038;type=Tes&#038;anchor=csrcsrpor a una de las asociaciones culturales m\u00e1s insignes de nuestro pa\u00eds, la [\u00abFundaci\u00f3n Faes\u00bb:http:\/\/www.fundaes.es\/default.cfm]. Fundaci\u00f3n que promueve los m\u00e1s grandes ideales y valores constitucionales. \u00bfQu\u00e9 esta fundaci\u00f3n esta \u00abcasualmente\u00bb formada por miembros del PP? \u00bfQu\u00e9 ese gran procer&hellip;&nbsp;<a href=\"https:\/\/junjan.org\/wordpress\/2004\/05\/financiar_la_cultura\/\" rel=\"bookmark\">Leer m\u00e1s &raquo;<span class=\"screen-reader-text\">Financiar la Cultura<\/span><\/a><\/p>\n","protected":false},"author":1,"featured_media":0,"comment_status":"open","ping_status":"open","sticky":false,"template":"","format":"standard","meta":{"neve_meta_sidebar":"","neve_meta_container":"","neve_meta_enable_content_width":"","neve_meta_content_width":0,"neve_meta_title_alignment":"","neve_meta_author_avatar":"","neve_post_elements_order":"","neve_meta_disable_header":"","neve_meta_disable_footer":"","neve_meta_disable_title":"","footnotes":""},"categories":[9],"tags":[],"class_list":["post-124","post","type-post","status-publish","format-standard","hentry","category-opinion"],"_links":{"self":[{"href":"https:\/\/junjan.org\/wordpress\/wp-json\/wp\/v2\/posts\/124","targetHints":{"allow":["GET"]}}],"collection":[{"href":"https:\/\/junjan.org\/wordpress\/wp-json\/wp\/v2\/posts"}],"about":[{"href":"https:\/\/junjan.org\/wordpress\/wp-json\/wp\/v2\/types\/post"}],"author":[{"embeddable":true,"href":"https:\/\/junjan.org\/wordpress\/wp-json\/wp\/v2\/users\/1"}],"replies":[{"embeddable":true,"href":"https:\/\/junjan.org\/wordpress\/wp-json\/wp\/v2\/comments?post=124"}],"version-history":[{"count":0,"href":"https:\/\/junjan.org\/wordpress\/wp-json\/wp\/v2\/posts\/124\/revisions"}],"wp:attachment":[{"href":"https:\/\/junjan.org\/wordpress\/wp-json\/wp\/v2\/media?parent=124"}],"wp:term":[{"taxonomy":"category","embeddable":true,"href":"https:\/\/junjan.org\/wordpress\/wp-json\/wp\/v2\/categories?post=124"},{"taxonomy":"post_tag","embeddable":true,"href":"https:\/\/junjan.org\/wordpress\/wp-json\/wp\/v2\/tags?post=124"}],"curies":[{"name":"wp","href":"https:\/\/api.w.org\/{rel}","templated":true}]}}