{"id":13,"date":"2004-02-04T15:16:54","date_gmt":"2004-02-04T15:16:54","guid":{"rendered":"http:\/\/junjan.org\/wordpress\/?p=13"},"modified":"2018-02-24T16:53:47","modified_gmt":"2018-02-24T15:53:47","slug":"la_conferencia_episcopal_y_el_1","status":"publish","type":"post","link":"https:\/\/junjan.org\/wordpress\/2004\/02\/la_conferencia_episcopal_y_el_1\/","title":{"rendered":"La conferencia episcopal y el sexo 2"},"content":{"rendered":"<p>La verdad es que no tengo suficiente est\u00f3mago (en el sentido de que me duele horrores por las carcajadas) para leerme en su totalidad este apasionante <a href=\"http:\/\/www.conferenciaepiscopal.es\/documentos\/Conferencia\/PastoralFamiliar3.htm\">documento pastoral<\/a>. Pero paseando por sus cuatro cap\u00edtulos, pueden encontrarse otras \u00abperlas\u00bb, como por ejemplo \u00e9sta:<\/p>\n<blockquote>\n<div class=\"citation\"><i>Jueces y abogados<\/i><br \/>\n215. Por \u00faltimo, los agentes del derecho en el campo civil -jueces y abogados- han de evitar implicarse personalmente en lo que conlleve una cooperaci\u00f3n con el divorcio[236] , ya sea a trav\u00e9s de la \u201cmediaci\u00f3n familiar\u201d, ya sea siguiendo los procesos judiciales que conducen al mismo. El divorcio es contrario a la justicia. Los jueces y dem\u00e1s funcionarios judiciales han de procurar siempre la conciliaci\u00f3n y pacificaci\u00f3n matrimonial y familiar, ejerciendo, en su caso, la objeci\u00f3n de conciencia o la mera cooperaci\u00f3n material con el mal [237] .<\/div>\n<\/blockquote>\n<p>Esto es ya el no va m\u00e1s. Bastante reaccionario es el colectivo de jueces, como para que encima se lo recuerde la iglesia.<\/p>\n","protected":false},"excerpt":{"rendered":"<p>La verdad es que no tengo suficiente est\u00f3mago (en el sentido de que me duele horrores por las carcajadas) para leerme en su totalidad este apasionante documento pastoral. Pero paseando por sus cuatro cap\u00edtulos, pueden encontrarse otras \u00abperlas\u00bb, como por ejemplo \u00e9sta: Jueces y abogados 215. Por \u00faltimo, los agentes del derecho en el campo&hellip;&nbsp;<a href=\"https:\/\/junjan.org\/wordpress\/2004\/02\/la_conferencia_episcopal_y_el_1\/\" rel=\"bookmark\">Leer m\u00e1s &raquo;<span class=\"screen-reader-text\">La conferencia episcopal y el sexo 2<\/span><\/a><\/p>\n","protected":false},"author":1,"featured_media":0,"comment_status":"open","ping_status":"open","sticky":false,"template":"","format":"standard","meta":{"neve_meta_sidebar":"","neve_meta_container":"","neve_meta_enable_content_width":"","neve_meta_content_width":0,"neve_meta_title_alignment":"","neve_meta_author_avatar":"","neve_post_elements_order":"","neve_meta_disable_header":"","neve_meta_disable_footer":"","neve_meta_disable_title":"","footnotes":""},"categories":[5],"tags":[410,813,957],"class_list":["post-13","post","type-post","status-publish","format-standard","hentry","category-actualidad","tag-iglesia-catolica","tag-obispos","tag-pastoral-familiar"],"_links":{"self":[{"href":"https:\/\/junjan.org\/wordpress\/wp-json\/wp\/v2\/posts\/13","targetHints":{"allow":["GET"]}}],"collection":[{"href":"https:\/\/junjan.org\/wordpress\/wp-json\/wp\/v2\/posts"}],"about":[{"href":"https:\/\/junjan.org\/wordpress\/wp-json\/wp\/v2\/types\/post"}],"author":[{"embeddable":true,"href":"https:\/\/junjan.org\/wordpress\/wp-json\/wp\/v2\/users\/1"}],"replies":[{"embeddable":true,"href":"https:\/\/junjan.org\/wordpress\/wp-json\/wp\/v2\/comments?post=13"}],"version-history":[{"count":2,"href":"https:\/\/junjan.org\/wordpress\/wp-json\/wp\/v2\/posts\/13\/revisions"}],"predecessor-version":[{"id":2472,"href":"https:\/\/junjan.org\/wordpress\/wp-json\/wp\/v2\/posts\/13\/revisions\/2472"}],"wp:attachment":[{"href":"https:\/\/junjan.org\/wordpress\/wp-json\/wp\/v2\/media?parent=13"}],"wp:term":[{"taxonomy":"category","embeddable":true,"href":"https:\/\/junjan.org\/wordpress\/wp-json\/wp\/v2\/categories?post=13"},{"taxonomy":"post_tag","embeddable":true,"href":"https:\/\/junjan.org\/wordpress\/wp-json\/wp\/v2\/tags?post=13"}],"curies":[{"name":"wp","href":"https:\/\/api.w.org\/{rel}","templated":true}]}}