{"id":133,"date":"2004-05-27T11:41:57","date_gmt":"2004-05-27T11:41:57","guid":{"rendered":"http:\/\/junjan.org\/wordpress\/?p=133"},"modified":"2020-11-26T23:36:37","modified_gmt":"2020-11-26T22:36:37","slug":"resistir","status":"publish","type":"post","link":"https:\/\/junjan.org\/wordpress\/2004\/05\/resistir\/","title":{"rendered":"Resistir"},"content":{"rendered":"\n<p>Me permito la libertad de republicar un art\u00edculo corto escrito por Ignacio Ramonet para <a rel=\"noreferrer noopener\" href=\"http:\/\/www.monde-diplomatique.es\/2004\/05\/ramonet.html\" data-type=\"URL\" data-id=\"http:\/\/www.monde-diplomatique.es\/2004\/05\/ramonet.html\" target=\"_blank\">Le Monde Diplomatique<\/a>.  No puedo estar m\u00e1s de acuerdo.<\/p>\n\n\n\n<blockquote class=\"wp-block-ugb-blockquote ugb-blockquote ugb-3eef1d9 ugb-blockquote--v3 ugb-blockquote--design-plain ugb-main-block\"><style>.ugb-3eef1d9 .ugb-blockquote__quote{width:70px !important;height:70px !important}<\/style><div class=\"ugb-inner-block\"><div class=\"ugb-block-content\"><div class=\"ugb-blockquote__item\"><svg viewbox=\"0 0 50 50\" xmlns=\"http:\/\/www.w3.org\/2000\/svg\" class=\"ugb-blockquote__quote\" width=\"70\" height=\"70\"><path d=\"M19.8 9.3C10.5 11.8 4.6 17 2.1 24.8c2.3-3.6 5.6-5.4 9.9-5.4 3.3 0 6 1.1 8.3 3.3 2.2 2.2 3.4 5 3.4 8.3 0 3.2-1.1 5.8-3.3 8-2.2 2.2-5.1 3.2-8.7 3.2-3.7 0-6.5-1.2-8.6-3.5C1 36.3 0 33.1 0 29 0 18.3 6.5 11.2 19.6 7.9l.2 1.4zm26.4 0C36.9 11.9 31 17 28.5 24.8c2.2-3.6 5.5-5.4 9.8-5.4 3.2 0 6 1.1 8.3 3.2 2.3 2.2 3.4 4.9 3.4 8.3 0 3.1-1.1 5.8-3.3 7.9-2.2 2.2-5.1 3.3-8.6 3.3-3.7 0-6.6-1.1-8.6-3.4-2.1-2.3-3.1-5.5-3.1-9.7 0-10.7 6.6-17.8 19.7-21.1l.1 1.4z\"><\/path><\/svg><div class=\"ugb-blockquote__content\"><p class=\"ugb-blockquote__text\"><strong>Resistencias<\/strong> por <em>Ignacio Ramonet<\/em><br><br>Resistir es decir que no. No al desprecio. No a la arrogancia. No al trituramiento econ\u00f3mico. No a los nuevos amos del mundo. No a los poderes financieros. No al G8. No al consenso de Washington. No al mercado totalitario. No al libre cambio integral. No al dominio del \u201cp\u00f3quer del mal\u201d (Banco Mundial, FMI, OCDE, OMC). No a la hiperproductividad. No a los organismos gen\u00e9ticamente modificados. No a las privatizaciones permanentes. No a la extensi\u00f3n irresistible del sector privado. No a la exclusi\u00f3n. No al sexismo. No a la regresi\u00f3n social. No al desmantelamiento de la seguridad social. No a la pobreza. No a las desigualdades. No al olvido del Sur. No a la muerte diaria de 30.000 ni\u00f1os pobres. No a la destrucci\u00f3n del medio ambiente. No a la hegemon\u00eda militar de una \u00fanica superpotencia. No a la guerra preventiva. No a las guerras de invasi\u00f3n. No al terrorismo., No a los atentados contra las poblaciones civiles. No a los racismos. No al antisemitismo. No a la islamofobia. No a la ideolog\u00eda de la seguridad. No a la vigilancia generalizada. No al espionaje del pensamiento. No a la degradaci\u00f3n cultural. No a las nuevas censuras. No a los medios que mienten. No a los medios que nos manipulan.<br><br>Resistir tambi\u00e9n es poder decir que s\u00ed. S\u00ed a la solidaridad entre los seis mil millones de habitantes de nuestro planeta. S\u00ed a los derechos de las mujeres. S\u00ed a la existencia de una ONU renovada. S\u00ed a un nuevo plan Marshall para ayudar a \u00c1frica. S\u00ed a la erradicaci\u00f3n definitiva del analfabetismo. S\u00ed a una ofensiva internacional contra la fractura digital. S\u00ed a una moratoria internacional para la preservaci\u00f3n de las culturas minoritarias. S\u00ed a los derechos de los ind\u00edgenas. S\u00ed a la justicia social y econ\u00f3mica. S\u00ed a una Europa m\u00e1s social y menos mercantil. S\u00ed al consenso de Porto Alegre. S\u00ed a una tasa Tobin de ayuda a los ciudadanos. S\u00ed a un impuesto sobre la venta de armas. S\u00ed a la eliminaci\u00f3n de la deuda de los pa\u00edses pobres. S\u00ed a la prohibici\u00f3n de los para\u00edsos fiscales.<br><br>Resistir es so\u00f1ar que otro mundo es posible. Y contribuir a construirlo.<\/p><\/div><\/div><\/div><\/div><\/blockquote>\n\n\n\n<p><\/p>\n","protected":false},"excerpt":{"rendered":"<p>Me permito la libertad de republicar un art\u00edculo corto escrito por Ignacio Ramonet para Le Monde Diplomatique. No puedo estar m\u00e1s de acuerdo.<\/p>\n","protected":false},"author":1,"featured_media":0,"comment_status":"open","ping_status":"open","sticky":false,"template":"","format":"standard","meta":{"neve_meta_sidebar":"","neve_meta_container":"","neve_meta_enable_content_width":"","neve_meta_content_width":0,"neve_meta_title_alignment":"","neve_meta_author_avatar":"","neve_post_elements_order":"","neve_meta_disable_header":"","neve_meta_disable_footer":"","neve_meta_disable_title":"","footnotes":""},"categories":[25],"tags":[982],"class_list":["post-133","post","type-post","status-publish","format-standard","hentry","category-ensayos","tag-ignacio-ramonet"],"_links":{"self":[{"href":"https:\/\/junjan.org\/wordpress\/wp-json\/wp\/v2\/posts\/133","targetHints":{"allow":["GET"]}}],"collection":[{"href":"https:\/\/junjan.org\/wordpress\/wp-json\/wp\/v2\/posts"}],"about":[{"href":"https:\/\/junjan.org\/wordpress\/wp-json\/wp\/v2\/types\/post"}],"author":[{"embeddable":true,"href":"https:\/\/junjan.org\/wordpress\/wp-json\/wp\/v2\/users\/1"}],"replies":[{"embeddable":true,"href":"https:\/\/junjan.org\/wordpress\/wp-json\/wp\/v2\/comments?post=133"}],"version-history":[{"count":1,"href":"https:\/\/junjan.org\/wordpress\/wp-json\/wp\/v2\/posts\/133\/revisions"}],"predecessor-version":[{"id":2652,"href":"https:\/\/junjan.org\/wordpress\/wp-json\/wp\/v2\/posts\/133\/revisions\/2652"}],"wp:attachment":[{"href":"https:\/\/junjan.org\/wordpress\/wp-json\/wp\/v2\/media?parent=133"}],"wp:term":[{"taxonomy":"category","embeddable":true,"href":"https:\/\/junjan.org\/wordpress\/wp-json\/wp\/v2\/categories?post=133"},{"taxonomy":"post_tag","embeddable":true,"href":"https:\/\/junjan.org\/wordpress\/wp-json\/wp\/v2\/tags?post=133"}],"curies":[{"name":"wp","href":"https:\/\/api.w.org\/{rel}","templated":true}]}}