{"id":1358,"date":"2011-05-27T12:31:26","date_gmt":"2011-05-27T10:31:26","guid":{"rendered":"http:\/\/junjan.org\/wordpress\/?p=1358"},"modified":"2011-05-29T15:11:04","modified_gmt":"2011-05-29T13:11:04","slug":"porras-contra-palabras","status":"publish","type":"post","link":"https:\/\/junjan.org\/wordpress\/2011\/05\/porras-contra-palabras\/","title":{"rendered":"Porras contra palabras #represionbcn"},"content":{"rendered":"<div class=\"nv-iframe-embed\"><iframe loading=\"lazy\" title=\"Indignats | Desallotjament de la Pla\u00e7a Catalunya\" width=\"1200\" height=\"675\" src=\"https:\/\/www.youtube.com\/embed\/Geg_6Xoy04s?feature=oembed\" frameborder=\"0\" allow=\"accelerometer; autoplay; clipboard-write; encrypted-media; gyroscope; picture-in-picture\" allowfullscreen><\/iframe><\/div>\n<div class=\"nv-iframe-embed\"><iframe loading=\"lazy\" title=\"Carga Policial Plaza Catalu\u00f1a.flv\" width=\"1200\" height=\"900\" src=\"https:\/\/www.youtube.com\/embed\/NlAj4zPAglQ?feature=oembed\" frameborder=\"0\" allow=\"accelerometer; autoplay; clipboard-write; encrypted-media; gyroscope; picture-in-picture\" allowfullscreen><\/iframe><\/div>\n<p>Desalojo de <a href=\"http:\/\/twitter.com\/Acampadabcn\">#acampadabcn<\/a> por los Mossos esta ma\u00f1ana. Humanos sin evolucionar reprimiendo con violencia a humanos m\u00e1s evolucionados. Hay un inmenso revuelo en Twitter. Seg\u00fan <a href=\"http:\/\/www.publico.es\/espana\/378668\/mossos\/d\/esquadra\/desalojan\/acampada\/plaza\/catalunya\">P\u00fablico<\/a> hay\u00a043 heridos leves.<\/p>\n<p>Todo para que los putativos celebrantes futboleros puedan ir a emborracharse a la Plaza de Catalunya. Son unos<strong> hijos de puta<\/strong>, \u00fanica definici\u00f3n que se acerca.<\/p>\n<p><strong>Actualizaci\u00f3n:<\/strong><\/p>\n<p>(*) Los manifestantes\/indignados vuelven a tomar la plaza. \u00bfResultado por ahora? Decenas de heridos y demostraci\u00f3n fehaciente de que los responsables pol\u00edticos son unos cenutrios iliterados independientemente del partido al que pertenezcan.<\/p>\n<p>(*) Apoya la petici\u00f3n en Avaaz.org para \u00ab<a href=\"http:\/\/www.avaaz.org\/es\/spain_protests_c\/\" target=\"_blank\">defender el derecho de reuni\u00f3n<\/a>\u00ab. \u00a1100.000 firmas y subiendo!<\/p>\n<p>(*) Impactante foto:<\/p>\n<p><a title=\"sytsew_27-5-2011_13aweb by acampadabcnfoto, on Flickr\" href=\"http:\/\/www.flickr.com\/photos\/acampadabcnfoto\/5765018458\/\"><img loading=\"lazy\" decoding=\"async\" src=\"http:\/\/farm3.static.flickr.com\/2324\/5765018458_408f07da43.jpg\" alt=\"sytsew_27-5-2011_13aweb\" width=\"500\" height=\"333\" \/><\/a><\/p>\n<p>No es que el Mosso estuviera pegando al de la silla de ruedas, pegaba al que estaba detr\u00e1s, pero a\u00fan as\u00ed, hay que ser cabr\u00f3n. En <a href=\"http:\/\/j.mp\/l9xZ3S\" target=\"_blank\">fotogramas posteriores<\/a> se ve que en el forcejeo se llev\u00f3 un trozo de silla.<\/p>\n<p><strong>Actualizaci\u00f3n 2. Reacciones en prensa y blogs internacionales (<a href=\"http:\/\/news.google.com\/news\/story?pz=1&amp;cf=all&amp;ned=us&amp;hl=en&amp;q=violence+barcelona+democracy&amp;ncl=de5tcRZTMWgfpFMppCM7MzrQHSm4M\" target=\"_blank\">lista en Google<\/a>)<\/strong><\/p>\n<p>Por ahora, la noticia ha llegado a la portada de la edici\u00f3n en papel de <a href=\"http:\/\/www.clarin.com\/\" target=\"_blank\">Clarin<\/a>,\u00a0<a href=\"http:\/\/oglobo.globo.com\/\" target=\"_blank\">O Globo<\/a> y\u00a0<a href=\"http:\/\/www.granma.cu\/\" target=\"_blank\">Gramma<\/a>. Ver portadas en <a href=\"http:\/\/kiosko.net\/es\/\" target=\"_blank\">Kiosko.net<\/a>.<\/p>\n<p>Algunas reacciones en otros medios:<\/p>\n<p>\u00ac\u00a0<a href=\"http:\/\/www.washingtonpost.com\/blogs\/blogpost\/post\/spanish-protests-turn-violent-with-121-injured\/2011\/05\/27\/AG6iVpCH_blog.html\">Washington Post (Blog): Spanish protests turn violent, 121 injured<\/a>. Comentario superficial, sin an\u00e1lisis y con errores.<\/p>\n<p>\u00ac\u00a0<a href=\"http:\/\/thelede.blogs.nytimes.com\/2011\/05\/27\/police-clash-with-protesters-in-barcelona\/\" target=\"_blank\">New York Times (Blog): Police Clash With Protesters in Barcelona.<\/a> Largo y detallado, con videos y declaraciones.<\/p>\n<p>\u00ac\u00a0<a href=\"http:\/\/www.telegraph.co.uk\/news\/worldnews\/europe\/spain\/8541550\/Spanish-youth-demonstrations-turn-violent-as-police-fire-rubber-bullets-at-protesters-in-Barcelona.html\" target=\"_blank\">The Telegraph: Spanish youth demonstrations turn violent as police fire rubber bullets at protesters in Barcelona.<\/a> Superficial.<\/p>\n<p>\u00ac\u00a0<a href=\"http:\/\/www.guardian.co.uk\/world\/2011\/may\/27\/spanish-protesters-clash-with-police\" target=\"_blank\">The Guardian: Spanish protesters clash with police over clean-up.<\/a> The Guardian se ha cubierto de gloria con este art\u00edculo. Superficial y lleno de inexactitudes.<\/p>\n<p>\u00ac\u00a0<a href=\"http:\/\/www.pressaction.com\/news\/weblog\/full_article\/ouziel05272011\/\" target=\"_blank\">Press action (Blog): Cleaning up City Squares in Democratic Spain.<\/a><\/p>\n<p>\u00ac\u00a0<a href=\"http:\/\/www.euronews.net\/2011\/05\/27\/student-protestors-hospitalised-in-barcelona\/\" target=\"_blank\">Euronews: Student protesters hospitalised in Barcelona<\/a><\/p>\n<p><strong>Comentarios en la prensa nacional:<\/strong><\/p>\n<p><a href=\"http:\/\/www.publico.es\/espana\/378832\/apocalypse-now-de-limpieza\" target=\"_blank\">P\u00fablico:\u00bbApocalypse now\u00bb de limpieza<\/a><\/p>\n<blockquote><p>Pocas veces se ha visto a alguien pifiarla de una manera tan estrepitosa y con tanto riesgo alegando razones tan elementales y dom\u00e9sticas como la higiene, la salud p\u00fablica y la prevenci\u00f3n de seguridad ante una eventual concentraci\u00f3n de masas. Parece que el Gobierno de CiU se haya tomado un poco demasiado al pie de la letra el apoyo mayoritario de los electores a sus candidaturas el pasado domingo.<\/p><\/blockquote>\n<p><a href=\"http:\/\/politica.elpais.com\/politica\/2011\/05\/27\/actualidad\/1306489864_137130.html\" target=\"_blank\">El Pa\u00eds: La carga policial desata la indignaci\u00f3n en Barcelona<\/a><\/p>\n<blockquote><p>El llamamiento a la resistencia pac\u00edfica ha sido un \u00e9xito. Y la concentraci\u00f3n ha vuelto a ser transversal. Familias con ni\u00f1os, ancianos y j\u00f3venes, muchos con flores y las manos pintadas de blanco en protesta contra la carga policial. Las pancartas y las consignas contra la polic\u00eda pidiendo la dmisi\u00f3n de Felip Puig han sido constantes.<\/p><\/blockquote>\n<p><a href=\"http:\/\/www.elmundo.es\/elmundo\/2011\/05\/27\/barcelona\/1306518767.html\" target=\"_blank\">El Mundo: La dureza policial multiplica la indignaci\u00f3n en Barcelona<\/a><\/p>\n<blockquote><p>Languidec\u00eda. Menguaba d\u00eda a d\u00eda el n\u00famero de concentrados, el foco medi\u00e1tico apuntaba en direcci\u00f3n opuesta, pero la primera injerencia pol\u00edtica y policial ha resultado un acicate efectivo, inmediato, contraproducente. Las cargas de los Mossos d&#8217;Esquadra, las ocho docenas de manifestantes heridos, han resucitado a los &#8216;indignados&#8217; de Barcelona. Por miles se cuentan los concentrados que abarrotan la plaza Catalunya -las fuerzas policiales hablan de 12.000-, en la que la pasada noche menos de medio millar de personas pernoctaba. La riada desborda el centro de la capital catalana.<\/p><\/blockquote>\n<p><strong>Buenafuente <\/strong>ayer en Plaza Catalu\u00f1a:<br \/>\nhttp:\/\/youtu.be\/Gq7O7VEGJkU<\/p>\n","protected":false},"excerpt":{"rendered":"<p>Desalojo de #acampadabcn por los Mossos esta ma\u00f1ana. Humanos sin evolucionar reprimiendo con violencia a humanos m\u00e1s evolucionados. Hay un inmenso revuelo en Twitter. Seg\u00fan P\u00fablico hay\u00a043 heridos leves. Todo para que los putativos celebrantes futboleros puedan ir a emborracharse a la Plaza de Catalunya. Son unos hijos de puta, \u00fanica definici\u00f3n que se acerca.&hellip;&nbsp;<a href=\"https:\/\/junjan.org\/wordpress\/2011\/05\/porras-contra-palabras\/\" rel=\"bookmark\">Leer m\u00e1s &raquo;<span class=\"screen-reader-text\">Porras contra palabras #represionbcn<\/span><\/a><\/p>\n","protected":false},"author":1,"featured_media":0,"comment_status":"open","ping_status":"open","sticky":false,"template":"","format":"standard","meta":{"neve_meta_sidebar":"","neve_meta_container":"","neve_meta_enable_content_width":"","neve_meta_content_width":0,"neve_meta_title_alignment":"","neve_meta_author_avatar":"","neve_post_elements_order":"","neve_meta_disable_header":"","neve_meta_disable_footer":"","neve_meta_disable_title":"","footnotes":""},"categories":[5,28],"tags":[477,715,716,478,691],"class_list":["post-1358","post","type-post","status-publish","format-standard","hentry","category-actualidad","category-derechos","tag-15m","tag-acampadabcn","tag-bcnsinmiedo","tag-democraciarealya","tag-futbol"],"_links":{"self":[{"href":"https:\/\/junjan.org\/wordpress\/wp-json\/wp\/v2\/posts\/1358","targetHints":{"allow":["GET"]}}],"collection":[{"href":"https:\/\/junjan.org\/wordpress\/wp-json\/wp\/v2\/posts"}],"about":[{"href":"https:\/\/junjan.org\/wordpress\/wp-json\/wp\/v2\/types\/post"}],"author":[{"embeddable":true,"href":"https:\/\/junjan.org\/wordpress\/wp-json\/wp\/v2\/users\/1"}],"replies":[{"embeddable":true,"href":"https:\/\/junjan.org\/wordpress\/wp-json\/wp\/v2\/comments?post=1358"}],"version-history":[{"count":18,"href":"https:\/\/junjan.org\/wordpress\/wp-json\/wp\/v2\/posts\/1358\/revisions"}],"predecessor-version":[{"id":1360,"href":"https:\/\/junjan.org\/wordpress\/wp-json\/wp\/v2\/posts\/1358\/revisions\/1360"}],"wp:attachment":[{"href":"https:\/\/junjan.org\/wordpress\/wp-json\/wp\/v2\/media?parent=1358"}],"wp:term":[{"taxonomy":"category","embeddable":true,"href":"https:\/\/junjan.org\/wordpress\/wp-json\/wp\/v2\/categories?post=1358"},{"taxonomy":"post_tag","embeddable":true,"href":"https:\/\/junjan.org\/wordpress\/wp-json\/wp\/v2\/tags?post=1358"}],"curies":[{"name":"wp","href":"https:\/\/api.w.org\/{rel}","templated":true}]}}