{"id":1380,"date":"2011-05-30T01:15:23","date_gmt":"2011-05-29T23:15:23","guid":{"rendered":"http:\/\/junjan.org\/wordpress\/?p=1380"},"modified":"2011-05-30T01:19:24","modified_gmt":"2011-05-29T23:19:24","slug":"perdidas-economicas","status":"publish","type":"post","link":"https:\/\/junjan.org\/wordpress\/2011\/05\/perdidas-economicas\/","title":{"rendered":"P\u00e9rdidas econ\u00f3micas"},"content":{"rendered":"<p>Hace ya catorce d\u00edas que comenz\u00f3 el movimiento 15M y dada la no-violencia y civismo de los \u00abindignados\u00bb existe muy poca argumentaci\u00f3n legal para que los gobiernos locales o auton\u00f3micos se vean \u00abobligados\u00bb a su desalojo. El \u00fanico argumento que tienen es el de la insalubridad y el de las p\u00e9rdidas econ\u00f3micas de los negocios que rodean las plazas donde se est\u00e1n produciendo las acampadas. El caso m\u00e1s comentado es el de la Puerta del Sol, pero otros, como el de Barcelona o L\u00e9rida tambi\u00e9n tienen mucho predicamento entre los <a href=\"http:\/\/www.libertaddigital.com\/opinion\/maite-nolla\/jardiland-extremo-59883\/\" target=\"_blank\">reaccionarios de turno<\/a>.<\/p>\n<p>El argumento que utilizan es muy simple: Los acampados tiene las plazas hechas un asco, malos olores, basura, etc, y aunque no se diga, se sobreentiende adem\u00e1s que los propios acampados son seres despreciables, llevando todo ello a que los negocios de las plazas (bares, restaurantes, hoteles&#8230;) reduzcan sus ingresos. Se puede demostrar r\u00e1pidamente que el argumento es una falacia.<\/p>\n<p>En el caso de la acampada en Sol, los\u00a0servicios municipales de limpieza acreditaron que no existe problema alguno de salubridad en la plaza.<\/p>\n<div class=\"nv-iframe-embed\"><iframe loading=\"lazy\" title=\"Acampada Sol: Entrevista a los comerciantes de Sol\" width=\"1200\" height=\"900\" src=\"https:\/\/www.youtube.com\/embed\/q3HYkmyJQAU?feature=oembed\" frameborder=\"0\" allow=\"accelerometer; autoplay; clipboard-write; encrypted-media; gyroscope; picture-in-picture\" allowfullscreen><\/iframe><\/div>\n<p>Adem\u00e1s, no dudando que algunos negocios vean reducidas sus ventas, otros no, y los bares seguro que est\u00e1n encantados:<\/p>\n<div class=\"nv-iframe-embed\"><iframe loading=\"lazy\" title=\"Acampada Sol: Visita inspectores de sanidad\" width=\"1200\" height=\"675\" src=\"https:\/\/www.youtube.com\/embed\/N4tFR2dDCIE?feature=oembed\" frameborder=\"0\" allow=\"accelerometer; autoplay; clipboard-write; encrypted-media; gyroscope; picture-in-picture\" allowfullscreen><\/iframe><\/div>\n<p>Molesta el agravio comparativo con otras manifestaciones ciudadanas que se toleran\u00a0peri\u00f3dicamente. Por ejemplo las procesiones de la semana santa que colapsan ciudades durante d\u00edas y paralizan la actividad de miles de negocios, pero como es una \u00abtradici\u00f3n\u00bb nadie se queja.<\/p>\n<p>&nbsp;<\/p>\n","protected":false},"excerpt":{"rendered":"<p>Hace ya catorce d\u00edas que comenz\u00f3 el movimiento 15M y dada la no-violencia y civismo de los \u00abindignados\u00bb existe muy poca argumentaci\u00f3n legal para que los gobiernos locales o auton\u00f3micos se vean \u00abobligados\u00bb a su desalojo. El \u00fanico argumento que tienen es el de la insalubridad y el de las p\u00e9rdidas econ\u00f3micas de los negocios&hellip;&nbsp;<a href=\"https:\/\/junjan.org\/wordpress\/2011\/05\/perdidas-economicas\/\" rel=\"bookmark\">Leer m\u00e1s &raquo;<span class=\"screen-reader-text\">P\u00e9rdidas econ\u00f3micas<\/span><\/a><\/p>\n","protected":false},"author":1,"featured_media":0,"comment_status":"open","ping_status":"open","sticky":false,"template":"","format":"standard","meta":{"neve_meta_sidebar":"","neve_meta_container":"","neve_meta_enable_content_width":"","neve_meta_content_width":0,"neve_meta_title_alignment":"","neve_meta_author_avatar":"","neve_post_elements_order":"","neve_meta_disable_header":"","neve_meta_disable_footer":"","neve_meta_disable_title":"","footnotes":""},"categories":[5,28],"tags":[477,478,640],"class_list":["post-1380","post","type-post","status-publish","format-standard","hentry","category-actualidad","category-derechos","tag-15m","tag-democraciarealya","tag-manipulacion"],"_links":{"self":[{"href":"https:\/\/junjan.org\/wordpress\/wp-json\/wp\/v2\/posts\/1380","targetHints":{"allow":["GET"]}}],"collection":[{"href":"https:\/\/junjan.org\/wordpress\/wp-json\/wp\/v2\/posts"}],"about":[{"href":"https:\/\/junjan.org\/wordpress\/wp-json\/wp\/v2\/types\/post"}],"author":[{"embeddable":true,"href":"https:\/\/junjan.org\/wordpress\/wp-json\/wp\/v2\/users\/1"}],"replies":[{"embeddable":true,"href":"https:\/\/junjan.org\/wordpress\/wp-json\/wp\/v2\/comments?post=1380"}],"version-history":[{"count":5,"href":"https:\/\/junjan.org\/wordpress\/wp-json\/wp\/v2\/posts\/1380\/revisions"}],"predecessor-version":[{"id":1384,"href":"https:\/\/junjan.org\/wordpress\/wp-json\/wp\/v2\/posts\/1380\/revisions\/1384"}],"wp:attachment":[{"href":"https:\/\/junjan.org\/wordpress\/wp-json\/wp\/v2\/media?parent=1380"}],"wp:term":[{"taxonomy":"category","embeddable":true,"href":"https:\/\/junjan.org\/wordpress\/wp-json\/wp\/v2\/categories?post=1380"},{"taxonomy":"post_tag","embeddable":true,"href":"https:\/\/junjan.org\/wordpress\/wp-json\/wp\/v2\/tags?post=1380"}],"curies":[{"name":"wp","href":"https:\/\/api.w.org\/{rel}","templated":true}]}}