{"id":1393,"date":"2011-05-30T23:52:36","date_gmt":"2011-05-30T21:52:36","guid":{"rendered":"http:\/\/junjan.org\/wordpress\/?p=1393"},"modified":"2011-06-01T01:25:24","modified_gmt":"2011-05-31T23:25:24","slug":"y-un-pepino","status":"publish","type":"post","link":"https:\/\/junjan.org\/wordpress\/2011\/05\/y-un-pepino\/","title":{"rendered":"Y un pepino"},"content":{"rendered":"<p>La verdad es que estamos\u00a0gobernados\u00a0por idiotas, aqu\u00ed, y en Alemania, donde parece que la estupidez cabalga a sus anchas.<\/p>\n<p><a href=\"http:\/\/www.elpais.com\/articulo\/sociedad\/crisis\/pepino\/provoca\/perdidas\/cuantiosisimas\/agricultura\/espanola\/elpepusoc\/20110530elpepusoc_6\/Tes\" target=\"_blank\">La crisis del pepino<\/a>. Si el origen de las bacterias asesinas fueran los cultivos de pepino, la enfermedad se encontrar\u00eda en todos los lugares donde se ha vendido el puto pepino. Como s\u00f3lo se ha dado la infecci\u00f3n en el norte de Alemania y en Dinarmarca, la \u00fanica posibilidad es que la contaminaci\u00f3n proceda de la cadena de distribuci\u00f3n en el norte de Alemania,\u00a0todo apunta en mi modesta opini\u00f3n, \u00a0a alg\u00fan almac\u00e9n en Alemania donde el agua est\u00e9 contaminada.<\/p>\n<p>Conociendo la autentica pasi\u00f3n que tiene los alemanes por el pepino (es \u00a0imposible comprase un bocadillo o una ensalada que no tenga pepino, para\u00a0horror\u00a0de los que pensamos que el sabor del pepino arruina\u00a0cualquier\u00a0plato\u00a0culinario,\u00a0excepto\u00a0la ensalada de pepino), esto debe ser una tragedia nacional, pero no hac\u00eda falta que la contagiaran acusando sin pruebas a los agricultores almerienses.<\/p>\n<p>\u00bfPagar\u00e1n los alemanes las perdidas cuando se descubra la cagada? Ya os digo yo que no.<\/p>\n<p>Actualizaci\u00f3n:<\/p>\n<p>\u00ac El Pa\u00eds: <a href=\"http:\/\/www.elpais.com\/articulo\/sociedad\/Alemania\/descarta\/pepinos\/espanoles\/analizados\/sean\/causantes\/brote\/coli\/elpepusoc\/20110531elpepusoc_1\/Tes\">Alemania descarta que los pepinos espa\u00f1oles analizados sean los causantes del brote de &#8216;E.coli&#8217;<\/a><\/p>\n<blockquote><p>Un alivio parcial para la huerta espa\u00f1ola. Los cient\u00edficos alemanes descartan ya que las bacterias encontradas en dos de los pepinos espa\u00f1oles analizados en Hamburgo causaran el brote de infecciones por Escherichia coli enterohemorr\u00e1gica (EHEC, por sus siglas en ingl\u00e9s) en el norte de Alemania. As\u00ed lo ha reconocido hoy la senadora (ministra) de Sanidad de la ciudad-Estado, Cornelia Pr\u00fcfer-Storcks, a partir de los an\u00e1lisis realizados por el Instituto de Higiene hamburgu\u00e9s. \u00abAlemania reconoce que los pepinos espa\u00f1oles no son la causa\u00bb, ha se\u00f1alado el secretario de Estado de Agricultura alem\u00e1n, Robert Kloos.<\/p><\/blockquote>\n","protected":false},"excerpt":{"rendered":"<p>La verdad es que estamos\u00a0gobernados\u00a0por idiotas, aqu\u00ed, y en Alemania, donde parece que la estupidez cabalga a sus anchas. La crisis del pepino. Si el origen de las bacterias asesinas fueran los cultivos de pepino, la enfermedad se encontrar\u00eda en todos los lugares donde se ha vendido el puto pepino. Como s\u00f3lo se ha dado&hellip;&nbsp;<a href=\"https:\/\/junjan.org\/wordpress\/2011\/05\/y-un-pepino\/\" rel=\"bookmark\">Leer m\u00e1s &raquo;<span class=\"screen-reader-text\">Y un pepino<\/span><\/a><\/p>\n","protected":false},"author":1,"featured_media":0,"comment_status":"open","ping_status":"open","sticky":false,"template":"","format":"standard","meta":{"neve_meta_sidebar":"","neve_meta_container":"","neve_meta_enable_content_width":"","neve_meta_content_width":0,"neve_meta_title_alignment":"","neve_meta_author_avatar":"","neve_post_elements_order":"","neve_meta_disable_header":"","neve_meta_disable_footer":"","neve_meta_disable_title":"","footnotes":""},"categories":[84],"tags":[718,720,719],"class_list":["post-1393","post","type-post","status-publish","format-standard","hentry","category-divagaciones","tag-alemania","tag-e-coli","tag-pepino"],"_links":{"self":[{"href":"https:\/\/junjan.org\/wordpress\/wp-json\/wp\/v2\/posts\/1393","targetHints":{"allow":["GET"]}}],"collection":[{"href":"https:\/\/junjan.org\/wordpress\/wp-json\/wp\/v2\/posts"}],"about":[{"href":"https:\/\/junjan.org\/wordpress\/wp-json\/wp\/v2\/types\/post"}],"author":[{"embeddable":true,"href":"https:\/\/junjan.org\/wordpress\/wp-json\/wp\/v2\/users\/1"}],"replies":[{"embeddable":true,"href":"https:\/\/junjan.org\/wordpress\/wp-json\/wp\/v2\/comments?post=1393"}],"version-history":[{"count":7,"href":"https:\/\/junjan.org\/wordpress\/wp-json\/wp\/v2\/posts\/1393\/revisions"}],"predecessor-version":[{"id":1395,"href":"https:\/\/junjan.org\/wordpress\/wp-json\/wp\/v2\/posts\/1393\/revisions\/1395"}],"wp:attachment":[{"href":"https:\/\/junjan.org\/wordpress\/wp-json\/wp\/v2\/media?parent=1393"}],"wp:term":[{"taxonomy":"category","embeddable":true,"href":"https:\/\/junjan.org\/wordpress\/wp-json\/wp\/v2\/categories?post=1393"},{"taxonomy":"post_tag","embeddable":true,"href":"https:\/\/junjan.org\/wordpress\/wp-json\/wp\/v2\/tags?post=1393"}],"curies":[{"name":"wp","href":"https:\/\/api.w.org\/{rel}","templated":true}]}}