{"id":1448,"date":"2011-06-04T19:51:13","date_gmt":"2011-06-04T17:51:13","guid":{"rendered":"http:\/\/junjan.org\/wordpress\/?p=1448"},"modified":"2011-06-04T21:05:15","modified_gmt":"2011-06-04T19:05:15","slug":"historia-rancia-viva","status":"publish","type":"post","link":"https:\/\/junjan.org\/wordpress\/2011\/06\/historia-rancia-viva\/","title":{"rendered":"Historia rancia viva"},"content":{"rendered":"<p>Leo con estupor la entrevista a Gonzalo Anes, Director de la Real Academia de la Historia, en <a href=\"http:\/\/www.elpais.com\/articulo\/cultura\/he\/leido\/biografia\/Franco\/elpepicul\/20110604elpepicul_1\/Tes\" target=\"_blank\">El Pa\u00eds<\/a>. \u00a0Los redactores de El Pa\u00eds no tienen piedad y le dan hasta en el cielo de la boca.\u00a0Viendo las opiniones de este se\u00f1or no extra\u00f1a nada la naturaleza del &#8216;<a href=\"http:\/\/www.escolar.net\/MT\/archives\/2011\/05\/franco-ese-hombre.html\" target=\"_blank\">Diccionario Biogr\u00e1fico Espa\u00f1ol<\/a>&#8216;. \u00a0Un puto desastre y un esc\u00e1ndalo de proporciones b\u00edblicas. Un fragmento de la entrevista:<\/p>\n<blockquote><p><strong>P. <\/strong>Perdone pero, \u00bfqu\u00e9 le ha parecido la reacci\u00f3n en la prensa y en el mundo de la cultura a todo lo ocurrido?<\/p>\n<p><strong>R. <\/strong>Pues  que en ning\u00fan otro pa\u00eds europeo habr\u00eda pasado lo que aqu\u00ed. Estoy seguro  de que si en Alemania, un diccionario biogr\u00e1fico no dijera de Hitler lo  que se debe decir, no habr\u00eda&#8230;<\/p>\n<p><strong>P. <\/strong>Es que eso no ocurre. El diccionario biogr\u00e1fico alem\u00e1n cuenta todas las atrocidades de Hitler.<\/p>\n<p><strong>R. <\/strong>Bueno, pues quite el ejemplo de Hitler&#8230;<\/p>\n<p><strong>P. <\/strong>No,  no, es que es muy pertinente esa comparaci\u00f3n. En Alemania el  diccionario cuenta lo que hizo Hitler. Otra pregunta: \u00bfcree que la Real  Academia de la Historia est\u00e1 obsoleta?<\/p>\n<p><strong>R.<\/strong> No, eso lo creen  ustedes. La Academia es una instituci\u00f3n muy conservadora en sus ritos.  Yo esos ritos los respeto. Pero que seamos respetuosos con los ritos no  quiere decir que no seamos muy innovadores respecto a las t\u00e9cnicas de  investigaci\u00f3n.<\/p>\n<p><strong>P. <\/strong>\u00bfQu\u00e9 le falta a la Academia?<\/p>\n<p><strong>R.<\/strong> M\u00e1s mujeres. Las hay muy preparadas pero menos que los hombres. Hay una  cuesti\u00f3n: un historiador necesita disponer de muchas horas para  documentarse en los archivos. Y por desgracia, en las mujeres esas miles  de horas est\u00e1n dedicadas a criar a sus hijos y a ser amas de casa.<\/p><\/blockquote>\n","protected":false},"excerpt":{"rendered":"<p>Leo con estupor la entrevista a Gonzalo Anes, Director de la Real Academia de la Historia, en El Pa\u00eds. \u00a0Los redactores de El Pa\u00eds no tienen piedad y le dan hasta en el cielo de la boca.\u00a0Viendo las opiniones de este se\u00f1or no extra\u00f1a nada la naturaleza del &#8216;Diccionario Biogr\u00e1fico Espa\u00f1ol&#8216;. \u00a0Un puto desastre y&hellip;&nbsp;<a href=\"https:\/\/junjan.org\/wordpress\/2011\/06\/historia-rancia-viva\/\" rel=\"bookmark\">Leer m\u00e1s &raquo;<span class=\"screen-reader-text\">Historia rancia viva<\/span><\/a><\/p>\n","protected":false},"author":1,"featured_media":0,"comment_status":"open","ping_status":"open","sticky":false,"template":"","format":"standard","meta":{"neve_meta_sidebar":"","neve_meta_container":"","neve_meta_enable_content_width":"","neve_meta_content_width":0,"neve_meta_title_alignment":"","neve_meta_author_avatar":"","neve_post_elements_order":"","neve_meta_disable_header":"","neve_meta_disable_footer":"","neve_meta_disable_title":"","footnotes":""},"categories":[5],"tags":[754,752,753],"class_list":["post-1448","post","type-post","status-publish","format-standard","hentry","category-actualidad","tag-franco","tag-historia-2","tag-real-academia"],"_links":{"self":[{"href":"https:\/\/junjan.org\/wordpress\/wp-json\/wp\/v2\/posts\/1448","targetHints":{"allow":["GET"]}}],"collection":[{"href":"https:\/\/junjan.org\/wordpress\/wp-json\/wp\/v2\/posts"}],"about":[{"href":"https:\/\/junjan.org\/wordpress\/wp-json\/wp\/v2\/types\/post"}],"author":[{"embeddable":true,"href":"https:\/\/junjan.org\/wordpress\/wp-json\/wp\/v2\/users\/1"}],"replies":[{"embeddable":true,"href":"https:\/\/junjan.org\/wordpress\/wp-json\/wp\/v2\/comments?post=1448"}],"version-history":[{"count":3,"href":"https:\/\/junjan.org\/wordpress\/wp-json\/wp\/v2\/posts\/1448\/revisions"}],"predecessor-version":[{"id":1450,"href":"https:\/\/junjan.org\/wordpress\/wp-json\/wp\/v2\/posts\/1448\/revisions\/1450"}],"wp:attachment":[{"href":"https:\/\/junjan.org\/wordpress\/wp-json\/wp\/v2\/media?parent=1448"}],"wp:term":[{"taxonomy":"category","embeddable":true,"href":"https:\/\/junjan.org\/wordpress\/wp-json\/wp\/v2\/categories?post=1448"},{"taxonomy":"post_tag","embeddable":true,"href":"https:\/\/junjan.org\/wordpress\/wp-json\/wp\/v2\/tags?post=1448"}],"curies":[{"name":"wp","href":"https:\/\/api.w.org\/{rel}","templated":true}]}}