{"id":145,"date":"2004-06-02T15:29:16","date_gmt":"2004-06-02T15:29:16","guid":{"rendered":"http:\/\/junjan.org\/wordpress\/?p=145"},"modified":"2004-06-02T15:29:16","modified_gmt":"2004-06-02T15:29:16","slug":"rumores_rumores","status":"publish","type":"post","link":"https:\/\/junjan.org\/wordpress\/2004\/06\/rumores_rumores\/","title":{"rendered":"Rumores rumores"},"content":{"rendered":"<p>Uno de los rumores que m\u00e1s circula \u00faltimamente por Internet es el de la autor\u00eda del video de la decapitaci\u00f3n de Nicholas Berg.<br \/>\n\u00ac Tenemos la versi\u00f3n oficial: Ver \u00ab[\u00abAl-Zarqawi Murdered Berg, CIA Concludes\u00bb:http:\/\/www.foxnews.com\/story\/0,2933,119854,00.html]\u00bb en FoxNews; \u00ab[\u00abLa CIA cree que el jordano Al Zarqawi fue el que decapit\u00f3 a Nicholas Berg\u00bb:http:\/\/www.elmundo.es\/elmundo\/2004\/05\/13\/internacional\/1084467674.html]\u00bb en El Mundo.<br \/>\n\u00ac Tenemos el an\u00e1lisis del video y de sus incongruencias: Ver \u00ab[\u00abEl caso Nicholas Berg\u00bb:http:\/\/www.redvoltaire.net\/article944.html]\u00bb en Red Voltaire; \u00ab[\u00abAnalysis of the Al Qaeda Beheading Video of Nick Berg\u00bb:http:\/\/www.atsnn.com\/story\/50025.html]\u00bb y \u00ab[\u00abMr. Berg was Alive &#8211; Video\/Audio Analysis\u00bb:http:\/\/www.terroranalysis.com\/story\/51203.html]\u00bb en ATSNN.<br \/>\n\u00ac Y tenemos quien indica que el video pudo ser realizado por la CIA en la prisi\u00f3n de Abu Grahib: Ver \u00ab[\u00abLa decapitaci\u00f3n del comerciante en Iraq \u00bflo hizo la CIA?\u00bb:http:\/\/accion.bitacoras.com\/index.php?id=96]\u00bb en AcciOn; \u00ab[\u00abThe Nicholas Berg execution. A working hypothesis and a resolution for the orange jumpsuit mystery\u00bb:http:\/\/www.brushtail.com.au\/nick_berg_hypothesis.html]\u00bb en Nick Possum&#8217;s whispers from the mean street.<br \/>\n\u00bfVerdad o mentira?<br \/>\nQue cada uno tome sus propias conclusiones.<\/p>\n","protected":false},"excerpt":{"rendered":"<p>Uno de los rumores que m\u00e1s circula \u00faltimamente por Internet es el de la autor\u00eda del video de la decapitaci\u00f3n de Nicholas Berg. \u00ac Tenemos la versi\u00f3n oficial: Ver \u00ab[\u00abAl-Zarqawi Murdered Berg, CIA Concludes\u00bb:http:\/\/www.foxnews.com\/story\/0,2933,119854,00.html]\u00bb en FoxNews; \u00ab[\u00abLa CIA cree que el jordano Al Zarqawi fue el que decapit\u00f3 a Nicholas Berg\u00bb:http:\/\/www.elmundo.es\/elmundo\/2004\/05\/13\/internacional\/1084467674.html]\u00bb en El Mundo. \u00ac&hellip;&nbsp;<a href=\"https:\/\/junjan.org\/wordpress\/2004\/06\/rumores_rumores\/\" rel=\"bookmark\">Leer m\u00e1s &raquo;<span class=\"screen-reader-text\">Rumores rumores<\/span><\/a><\/p>\n","protected":false},"author":1,"featured_media":0,"comment_status":"open","ping_status":"open","sticky":false,"template":"","format":"standard","meta":{"neve_meta_sidebar":"","neve_meta_container":"","neve_meta_enable_content_width":"","neve_meta_content_width":0,"neve_meta_title_alignment":"","neve_meta_author_avatar":"","neve_post_elements_order":"","neve_meta_disable_header":"","neve_meta_disable_footer":"","neve_meta_disable_title":"","footnotes":""},"categories":[9],"tags":[],"class_list":["post-145","post","type-post","status-publish","format-standard","hentry","category-opinion"],"_links":{"self":[{"href":"https:\/\/junjan.org\/wordpress\/wp-json\/wp\/v2\/posts\/145","targetHints":{"allow":["GET"]}}],"collection":[{"href":"https:\/\/junjan.org\/wordpress\/wp-json\/wp\/v2\/posts"}],"about":[{"href":"https:\/\/junjan.org\/wordpress\/wp-json\/wp\/v2\/types\/post"}],"author":[{"embeddable":true,"href":"https:\/\/junjan.org\/wordpress\/wp-json\/wp\/v2\/users\/1"}],"replies":[{"embeddable":true,"href":"https:\/\/junjan.org\/wordpress\/wp-json\/wp\/v2\/comments?post=145"}],"version-history":[{"count":0,"href":"https:\/\/junjan.org\/wordpress\/wp-json\/wp\/v2\/posts\/145\/revisions"}],"wp:attachment":[{"href":"https:\/\/junjan.org\/wordpress\/wp-json\/wp\/v2\/media?parent=145"}],"wp:term":[{"taxonomy":"category","embeddable":true,"href":"https:\/\/junjan.org\/wordpress\/wp-json\/wp\/v2\/categories?post=145"},{"taxonomy":"post_tag","embeddable":true,"href":"https:\/\/junjan.org\/wordpress\/wp-json\/wp\/v2\/tags?post=145"}],"curies":[{"name":"wp","href":"https:\/\/api.w.org\/{rel}","templated":true}]}}