{"id":149,"date":"2004-06-05T13:52:45","date_gmt":"2004-06-05T13:52:45","guid":{"rendered":"http:\/\/junjan.org\/wordpress\/?p=149"},"modified":"2004-06-05T13:52:45","modified_gmt":"2004-06-05T13:52:45","slug":"desvirtuar_la_historia","status":"publish","type":"post","link":"https:\/\/junjan.org\/wordpress\/2004\/06\/desvirtuar_la_historia\/","title":{"rendered":"Desvirtuar la historia"},"content":{"rendered":"<p><img loading=\"lazy\" decoding=\"async\" alt=\"franco_cruzado.png\" src=\"http:\/\/www.junjan.org\/weblog\/images\/franco_cruzado.png\" width=\"194\" height=\"198\" border=\"1\" style=\"float: left; margin: 4px 13px 5px 0px\" \/><br \/>\n**\u00bbLa Historia que nos ense\u00f1aron\u00bb** por \u00c1ngel Luis Ab\u00f3s. Cr\u00edtica en [\u00abEl Mundo Libros\u00bb:http:\/\/www.el-mundo.es\/elmundolibro\/2003\/11\/20\/portada\/1069346764.html].<br \/>\nEste libro nos recuerda la pol\u00edtica educativa durante el franquismo, comparando la versi\u00f3n oficial de los manuales de educaci\u00f3n primaria y media, con la historia real.<br \/>\nQue la educaci\u00f3n durante el franquismo estaba totalmente desvirtuada no es ning\u00fan secreto, pero este libro nos descubre el c\u00f3mo y el por qu\u00e9. Recomiendo su lectura a todo aquel que lo sufriera y a aquellos que no lo hemos sufrido. Imprescindible.<br \/>\nSe repasan los libros con los que se \u00abadoctrin\u00f3\u00bb a la infancia. Libros que caricaturizan la historia hasta niveles impensables como \u00abLa historia de Espa\u00f1a contada con sencillez\u00bb (1938) de Jos\u00e9 Mar\u00eda Pem\u00e1n; \u00abGlorias Imperiales\u00bb (1940) de Luis Ortiz Mu\u00f1oz; \u00abSanta tierra de Espa\u00f1a\u00bb (1942) de Jos\u00e9 Muntada Bach; \u00abEspa\u00f1a es as\u00ed\u00bb (1942) y \u00abGuirnaldas de la historia\u00bb (1946) de Agust\u00edn Serrano de Haro; y otros muchos. Tambi\u00e9n se ve la evoluci\u00f3n, que desde \u00e9stas obras, toman con los a\u00f1os los manuales de educaci\u00f3n primaria.<br \/>\nFragmento del libro \u00abYo soy espa\u00f1ol\u00bb de Agust\u00edn Serrano de Haro, donde se ve lo que se consideraba que deb\u00edan aprender los ni\u00f1os de la \u00e9poca, y cu\u00e1les eran las redacciones que deb\u00edan hacer.<\/p>\n<div class=\"citation\">\n**Los jud\u00edos matan a un ni\u00f1o.**<br \/>\nEn Espa\u00f1a hab\u00eda muchos jud\u00edos. Y odiaban a los cristianos y les daba mucha rabia que los ni\u00f1os quisieran a la Virgen y al Se\u00f1or. Por eso mataron a Santo Dominguito (&#8230;). Un jud\u00edo le ech\u00f3 de pronto un lienzo encima y lo meti\u00f3 en casa. A media noche se juntaron todos los jud\u00edos principales, quitaron a Dominguito su crucifijo y le dijeron que lo pisara, pero el contest\u00f3 con valent\u00eda:<br \/>\n&#8211; Eso nunca. \u00a1Es mi Dios!<br \/>\n&#8211; Pues como tu Dios has de morir.<br \/>\nY le pusieron una corona de espinas, y lo clavaron en la cruz.<br \/>\n**Sugerencias para el trabajo.**<br \/>\n\u00bfQui\u00e9nes son los jud\u00edos? Recordar el crimen horrendo del Calvario y la implacable maldici\u00f3n que eternamente pesa sobre la raza deicida.<br \/>\n\u00bfQuer\u00edan los jud\u00edos a los espa\u00f1oles? Recordar la traici\u00f3n de Guadalete.\n<\/div>\n","protected":false},"excerpt":{"rendered":"<p>**\u00bbLa Historia que nos ense\u00f1aron\u00bb** por \u00c1ngel Luis Ab\u00f3s. Cr\u00edtica en [\u00abEl Mundo Libros\u00bb:http:\/\/www.el-mundo.es\/elmundolibro\/2003\/11\/20\/portada\/1069346764.html]. Este libro nos recuerda la pol\u00edtica educativa durante el franquismo, comparando la versi\u00f3n oficial de los manuales de educaci\u00f3n primaria y media, con la historia real. Que la educaci\u00f3n durante el franquismo estaba totalmente desvirtuada no es ning\u00fan secreto, pero este&hellip;&nbsp;<a href=\"https:\/\/junjan.org\/wordpress\/2004\/06\/desvirtuar_la_historia\/\" rel=\"bookmark\">Leer m\u00e1s &raquo;<span class=\"screen-reader-text\">Desvirtuar la historia<\/span><\/a><\/p>\n","protected":false},"author":1,"featured_media":0,"comment_status":"open","ping_status":"open","sticky":false,"template":"","format":"standard","meta":{"neve_meta_sidebar":"","neve_meta_container":"","neve_meta_enable_content_width":"","neve_meta_content_width":0,"neve_meta_title_alignment":"","neve_meta_author_avatar":"","neve_post_elements_order":"","neve_meta_disable_header":"","neve_meta_disable_footer":"","neve_meta_disable_title":"","footnotes":""},"categories":[14],"tags":[],"class_list":["post-149","post","type-post","status-publish","format-standard","hentry","category-libros"],"_links":{"self":[{"href":"https:\/\/junjan.org\/wordpress\/wp-json\/wp\/v2\/posts\/149","targetHints":{"allow":["GET"]}}],"collection":[{"href":"https:\/\/junjan.org\/wordpress\/wp-json\/wp\/v2\/posts"}],"about":[{"href":"https:\/\/junjan.org\/wordpress\/wp-json\/wp\/v2\/types\/post"}],"author":[{"embeddable":true,"href":"https:\/\/junjan.org\/wordpress\/wp-json\/wp\/v2\/users\/1"}],"replies":[{"embeddable":true,"href":"https:\/\/junjan.org\/wordpress\/wp-json\/wp\/v2\/comments?post=149"}],"version-history":[{"count":0,"href":"https:\/\/junjan.org\/wordpress\/wp-json\/wp\/v2\/posts\/149\/revisions"}],"wp:attachment":[{"href":"https:\/\/junjan.org\/wordpress\/wp-json\/wp\/v2\/media?parent=149"}],"wp:term":[{"taxonomy":"category","embeddable":true,"href":"https:\/\/junjan.org\/wordpress\/wp-json\/wp\/v2\/categories?post=149"},{"taxonomy":"post_tag","embeddable":true,"href":"https:\/\/junjan.org\/wordpress\/wp-json\/wp\/v2\/tags?post=149"}],"curies":[{"name":"wp","href":"https:\/\/api.w.org\/{rel}","templated":true}]}}