{"id":1492,"date":"2011-06-16T02:00:21","date_gmt":"2011-06-16T00:00:21","guid":{"rendered":"http:\/\/junjan.org\/wordpress\/?p=1492"},"modified":"2011-06-16T02:00:21","modified_gmt":"2011-06-16T00:00:21","slug":"la-noticia-de-hoy","status":"publish","type":"post","link":"https:\/\/junjan.org\/wordpress\/2011\/06\/la-noticia-de-hoy\/","title":{"rendered":"La noticia de hoy"},"content":{"rendered":"<p>La noticia de hoy que ha sido sepultada por las an\u00e9cdotas. Presupuestos de Catalu\u00f1a 2011: se demuestra que<a href=\"http:\/\/www.20minutos.es\/noticia\/1083853\/0\/parlament\/aprobacion\/presupuestos\/\" target=\"_blank\"> CiU y PP<\/a> tienen los mimos intereses y programas pol\u00edticos indistinguibles excepto por el idioma. Adelanto del \u00ab<a href=\"http:\/\/www.20minutos.es\/noticia\/1082737\/0\/pacto-euro\/19J\/claves\" target=\"_blank\">Pacto del Euro<\/a>\u00bb que se nos avecina.<\/p>\n<p>(*) 6,5 % de recorte en Sanidad (10 % real), \u00a0las consultas pasar\u00e1n de 5 meses de espera a 8.<\/p>\n<p>(*) 7,4 % de recorte en Educaci\u00f3n.<\/p>\n<p>(*) 10 % de recorte en Servicios Sociales.<\/p>\n<p>\u00bfQui\u00e9n paga la \u00abcrisis\u00bb? Los de siempre.<\/p>\n<p>&nbsp;<\/p>\n<p>&nbsp;<\/p>\n","protected":false},"excerpt":{"rendered":"<p>La noticia de hoy que ha sido sepultada por las an\u00e9cdotas. Presupuestos de Catalu\u00f1a 2011: se demuestra que CiU y PP tienen los mimos intereses y programas pol\u00edticos indistinguibles excepto por el idioma. Adelanto del \u00abPacto del Euro\u00bb que se nos avecina. (*) 6,5 % de recorte en Sanidad (10 % real), \u00a0las consultas pasar\u00e1n&hellip;&nbsp;<a href=\"https:\/\/junjan.org\/wordpress\/2011\/06\/la-noticia-de-hoy\/\" rel=\"bookmark\">Leer m\u00e1s &raquo;<span class=\"screen-reader-text\">La noticia de hoy<\/span><\/a><\/p>\n","protected":false},"author":1,"featured_media":0,"comment_status":"open","ping_status":"open","sticky":false,"template":"","format":"standard","meta":{"neve_meta_sidebar":"","neve_meta_container":"","neve_meta_enable_content_width":"","neve_meta_content_width":0,"neve_meta_title_alignment":"","neve_meta_author_avatar":"","neve_post_elements_order":"","neve_meta_disable_header":"","neve_meta_disable_footer":"","neve_meta_disable_title":"","footnotes":""},"categories":[5],"tags":[477,766,705,764,507],"class_list":["post-1492","post","type-post","status-publish","format-standard","hentry","category-actualidad","tag-15m","tag-ciu","tag-crisis","tag-indignados","tag-pp"],"_links":{"self":[{"href":"https:\/\/junjan.org\/wordpress\/wp-json\/wp\/v2\/posts\/1492","targetHints":{"allow":["GET"]}}],"collection":[{"href":"https:\/\/junjan.org\/wordpress\/wp-json\/wp\/v2\/posts"}],"about":[{"href":"https:\/\/junjan.org\/wordpress\/wp-json\/wp\/v2\/types\/post"}],"author":[{"embeddable":true,"href":"https:\/\/junjan.org\/wordpress\/wp-json\/wp\/v2\/users\/1"}],"replies":[{"embeddable":true,"href":"https:\/\/junjan.org\/wordpress\/wp-json\/wp\/v2\/comments?post=1492"}],"version-history":[{"count":2,"href":"https:\/\/junjan.org\/wordpress\/wp-json\/wp\/v2\/posts\/1492\/revisions"}],"predecessor-version":[{"id":1494,"href":"https:\/\/junjan.org\/wordpress\/wp-json\/wp\/v2\/posts\/1492\/revisions\/1494"}],"wp:attachment":[{"href":"https:\/\/junjan.org\/wordpress\/wp-json\/wp\/v2\/media?parent=1492"}],"wp:term":[{"taxonomy":"category","embeddable":true,"href":"https:\/\/junjan.org\/wordpress\/wp-json\/wp\/v2\/categories?post=1492"},{"taxonomy":"post_tag","embeddable":true,"href":"https:\/\/junjan.org\/wordpress\/wp-json\/wp\/v2\/tags?post=1492"}],"curies":[{"name":"wp","href":"https:\/\/api.w.org\/{rel}","templated":true}]}}