{"id":1498,"date":"2011-06-17T08:35:01","date_gmt":"2011-06-17T06:35:01","guid":{"rendered":"http:\/\/junjan.org\/wordpress\/?p=1498"},"modified":"2011-06-17T08:35:01","modified_gmt":"2011-06-17T06:35:01","slug":"19j-a-la-calle","status":"publish","type":"post","link":"https:\/\/junjan.org\/wordpress\/2011\/06\/19j-a-la-calle\/","title":{"rendered":"19J a la calle"},"content":{"rendered":"<p><a href=\"http:\/\/junjan.org\/wordpress\/wp-content\/uploads\/2011\/06\/19J_alacalle_500.jpg\"><img loading=\"lazy\" decoding=\"async\" class=\"aligncenter size-full wp-image-1497\" title=\"19J_alacalle_500\" src=\"http:\/\/junjan.org\/wordpress\/wp-content\/uploads\/2011\/06\/19J_alacalle_500.jpg\" alt=\"\" width=\"495\" height=\"700\" srcset=\"https:\/\/junjan.org\/wordpress\/wp-content\/uploads\/2011\/06\/19J_alacalle_500.jpg 495w, https:\/\/junjan.org\/wordpress\/wp-content\/uploads\/2011\/06\/19J_alacalle_500-212x300.jpg 212w, https:\/\/junjan.org\/wordpress\/wp-content\/uploads\/2011\/06\/19J_alacalle_500-106x150.jpg 106w\" sizes=\"auto, (max-width: 495px) 100vw, 495px\" \/><\/a><br \/>\nM\u00e1s carteles en \u00ab<a href=\"http:\/\/vocesconfutura.tumblr.com\/\" target=\"_blank\">Voces con Futura<\/a>\u00ab.<br \/>\nManifestaci\u00f3n contra el Pacto del Euro, por una Europa de los ciudadanos y no de los mercados. <a href=\"http:\/\/www.facebook.com\/event.php?eid=153698604701086\" target=\"_blank\">Ver horarios y lugares en toda Espa\u00f1a<\/a>: En Barcelona a las 16.30h en la Avenida Portal de l\u2019\u00c0ngel (escaleras del Banco de Espa\u00f1a) o 17:00 en Plaza de Catalu\u00f1a.<\/p>\n<div class=\"nv-iframe-embed\"><iframe loading=\"lazy\" title=\"Paris Hilton y Bono piden tu apoyo para la manifestacion del 19 JUNIO\" width=\"1200\" height=\"675\" src=\"https:\/\/www.youtube.com\/embed\/i1f00q_lq5U?feature=oembed\" frameborder=\"0\" allow=\"accelerometer; autoplay; clipboard-write; encrypted-media; gyroscope; picture-in-picture\" allowfullscreen><\/iframe><\/div>\n","protected":false},"excerpt":{"rendered":"<p>M\u00e1s carteles en \u00abVoces con Futura\u00ab. Manifestaci\u00f3n contra el Pacto del Euro, por una Europa de los ciudadanos y no de los mercados. Ver horarios y lugares en toda Espa\u00f1a: En Barcelona a las 16.30h en la Avenida Portal de l\u2019\u00c0ngel (escaleras del Banco de Espa\u00f1a) o 17:00 en Plaza de Catalu\u00f1a.<\/p>\n","protected":false},"author":1,"featured_media":0,"comment_status":"open","ping_status":"open","sticky":false,"template":"","format":"standard","meta":{"neve_meta_sidebar":"","neve_meta_container":"","neve_meta_enable_content_width":"","neve_meta_content_width":0,"neve_meta_title_alignment":"","neve_meta_author_avatar":"","neve_post_elements_order":"","neve_meta_disable_header":"","neve_meta_disable_footer":"","neve_meta_disable_title":"","footnotes":""},"categories":[5,28],"tags":[477,767,626,768],"class_list":["post-1498","post","type-post","status-publish","format-standard","hentry","category-actualidad","category-derechos","tag-15m","tag-19j","tag-manifestacion","tag-pactodeleuro"],"_links":{"self":[{"href":"https:\/\/junjan.org\/wordpress\/wp-json\/wp\/v2\/posts\/1498","targetHints":{"allow":["GET"]}}],"collection":[{"href":"https:\/\/junjan.org\/wordpress\/wp-json\/wp\/v2\/posts"}],"about":[{"href":"https:\/\/junjan.org\/wordpress\/wp-json\/wp\/v2\/types\/post"}],"author":[{"embeddable":true,"href":"https:\/\/junjan.org\/wordpress\/wp-json\/wp\/v2\/users\/1"}],"replies":[{"embeddable":true,"href":"https:\/\/junjan.org\/wordpress\/wp-json\/wp\/v2\/comments?post=1498"}],"version-history":[{"count":2,"href":"https:\/\/junjan.org\/wordpress\/wp-json\/wp\/v2\/posts\/1498\/revisions"}],"predecessor-version":[{"id":1500,"href":"https:\/\/junjan.org\/wordpress\/wp-json\/wp\/v2\/posts\/1498\/revisions\/1500"}],"wp:attachment":[{"href":"https:\/\/junjan.org\/wordpress\/wp-json\/wp\/v2\/media?parent=1498"}],"wp:term":[{"taxonomy":"category","embeddable":true,"href":"https:\/\/junjan.org\/wordpress\/wp-json\/wp\/v2\/categories?post=1498"},{"taxonomy":"post_tag","embeddable":true,"href":"https:\/\/junjan.org\/wordpress\/wp-json\/wp\/v2\/tags?post=1498"}],"curies":[{"name":"wp","href":"https:\/\/api.w.org\/{rel}","templated":true}]}}