{"id":15,"date":"2004-02-06T18:33:19","date_gmt":"2004-02-06T18:33:19","guid":{"rendered":"http:\/\/junjan.org\/wordpress\/?p=15"},"modified":"2018-02-24T16:57:27","modified_gmt":"2018-02-24T15:57:27","slug":"historia_olvidada_1_franco","status":"publish","type":"post","link":"https:\/\/junjan.org\/wordpress\/2004\/02\/historia_olvidada_1_franco\/","title":{"rendered":"Historia olvidada 1. Franco"},"content":{"rendered":"<p>Seg\u00fan una encuesta sobre historia que se realiz\u00f3 recientemente, los j\u00f3venes espa\u00f1oles no saben qui\u00e9n era Franco. Suponen que era un \u201cgobernante\u201d del pasado, pero no saben encuadrarlo en un periodo hist\u00f3rico concreto desde el siglo XVI en adelante. Dado el estado general de desinformaci\u00f3n y propaganda, ignorancia promovida por la televisi\u00f3n, \u201cpanis et circensis\u201d, no me extra\u00f1a en absoluto que la cultura se diluya, pero esto ya es demasiado.<br \/>\nPor si acaso alguno de estos j\u00f3venes (educados seg\u00fan \u201ccriterios de calidad\u201d) pasa por aqu\u00ed, vamos a intentar recopilar informaci\u00f3n hist\u00f3rica sobre Franco.<\/p>\n<p>En <a href=\"http:\/\/es.wikipedia.org\">Wikipedia en espa\u00f1ol<\/a> podemos obtener una buena biograf\u00eda resumida:<\/p>\n<blockquote><p><a href=\"http:\/\/es.wikipedia.org\/wiki\/Francisco_Franco_Bahamonde\">Francisco Franco Bahamonde<\/a>, (4 de diciembre de 1892 &#8211; 20 de noviembre de 1975), fue Jefe de Estado dictatorial que gobern\u00f3 en Espa\u00f1a como consecuencia de la Guerra civil espa\u00f1ola ocurrida entre los a\u00f1os 1936 y 1939.<br \/>\nNacido como Francisco Paulino Hermenegildo Te\u00f3dulo Franco y Bahamonde Salgado Pardo en Ferrol (A Coru\u00f1a), se gradu\u00f3 de la academia militar en la ciudad de Toledo. A la edad de 23 a\u00f1os, por nombramiento del Rey Alfonso XIII, se convirti\u00f3 en el mayor m\u00e1s joven en el ej\u00e9rcito espa\u00f1ol, por su desempe\u00f1o en la guerra de Marruecos. Se convirti\u00f3 en general en el a\u00f1o 1926, y desde 1933 en adelante, fue el Comandante en Jefe del ej\u00e9rcito espa\u00f1ol.<br \/>\nParticip\u00f3 en el alzamiento militar contra el gobierno democr\u00e1tico de la Rep\u00fablica Espa\u00f1ola el 18 de julio de 1936. La motivaci\u00f3n principal que llev\u00f3 al grupo de militares a traicionar el orden constitucional de 1931 (Constituci\u00f3n republicana) fue la llegada al poder, unos meses antes, de un gobierno de la izquierda, el Frente Popular, compuesto principalmente por el PCE, el PSOE e Izquierda Republicana.<br \/>\nFue nombrado por la Junta de Defensa Nacional Jefe de Estado y \u00abGeneral\u00edsimo\u00bb de la zona controlada por los militares sublevados el 1 de octubre de 1936. Su gobierno se orient\u00f3 inicialmente al triunfo militar sobre la Espa\u00f1a republicana. Acabada la guerra civil el 1 de abril de 1939, se encontr\u00f3 con un pa\u00eds empobrecido y lleno de rencores. Durante los primeros a\u00f1os de la posguerra impuls\u00f3 una fuerte represi\u00f3n hacia los perdedores (republicanos y activistas obreros) que incluy\u00f3 penas de c\u00e1rcel, torturas y fusilamientos. Esto provoc\u00f3 el exilio de miles de espa\u00f1oles a pa\u00edses lejanos que a su vez aprovecharon el potencial cultural e intelectual de estos.<br \/>\nEn sus 40 a\u00f1os de jefatura, se caracteriz\u00f3 por su corporativismo, por la asunci\u00f3n de ideas conservadoras mezcladas con ideas de tipo nacionalsindicalista (de la Falange Espa\u00f1ola), combinadas con ideas de tipo capitalista (se promovi\u00f3 la econom\u00eda de mercado) y con un sentido pragm\u00e1tico desligado a veces de extremismos ideol\u00f3gicos. Se prohibieron los partidos pol\u00edticos y se suprimi\u00f3 la divisi\u00f3n de poderes. Se mostr\u00f3, al mismo tiempo, como enemigo de la masoner\u00eda. En el \u00e1mbito laboral desarroll\u00f3 una Seguridad Social y un sistema de asistencia sanitaria que intent\u00f3 abarcar a la mayor parte de los trabajadores.<br \/>\nMientras, en Europa estallaba la Segunda Guerra Mundial, ante la cual Franco no se posicion\u00f3 abiertamente junto a Hitler y Mussolini, a pesar de las presiones que recibi\u00f3 en ese sentido por el hecho de que los dos dictadores europeos le hab\u00edan apoyado durante la Guerra Civil. Permiti\u00f3, sin embargo, que voluntarios espa\u00f1oles partiesen para apoyar a las fuerzas del Eje a trav\u00e9s de la Divisi\u00f3n Azul al frente ruso. Espa\u00f1a no lleg\u00f3 a entrar directamente en la Guerra.<br \/>\nAcabada la Segunda Guerra Mundial, Espa\u00f1a tuvo que sufrir las consecuencias del aislacionismo que le impusieron naciones como Gran Breta\u00f1a y Estados Unidos. Esta situaci\u00f3n termin\u00f3 en parte con las tensiones producto de la Guerra Fr\u00eda, que llevaron a Estados Unidos a colaborar con Espa\u00f1a (especialmente a partir de un pacto con los Estados Unidos en 1953 y la visita de Eisenhower a Franco en 1959) para establecer bases militares.<br \/>\nEn los a\u00f1os 60, Espa\u00f1a asisti\u00f3 a un fuerte desarrollo econ\u00f3mico. El desarrollo y el creciente contacto con los vecinos europeos (especialmente gracias al turismo) dieron lugar a nuevas tensiones sociales, si bien Franco logr\u00f3 mantener el control de la situaci\u00f3n gracias a la unidad del ej\u00e9rcito y a cierto apoyo popular, cada vez m\u00e1s decreciente. En 1969 nombr\u00f3 a Juan Carlos I como su sucesor a t\u00edtulo de rey, lo cual implicaba el regreso de la monarqu\u00eda a Espa\u00f1a.<br \/>\nMuri\u00f3 en Madrid el 20 de noviembre de 1975. Juan Carlos I hereda la jefatura del estado y en contra de lo planeado por el dictador, la democracia se instaura a su muerte, en un proceso conocido como transici\u00f3n.<br \/>\n<a href=\"http:\/\/junjan.org\/wordpress\/wp-content\/uploads\/2011\/06\/franco_hitler.png\"><img loading=\"lazy\" decoding=\"async\" class=\"aligncenter size-full wp-image-1529\" title=\"franco_hitler\" src=\"http:\/\/junjan.org\/wordpress\/wp-content\/uploads\/2011\/06\/franco_hitler.png\" alt=\"\" width=\"200\" height=\"140\" srcset=\"https:\/\/junjan.org\/wordpress\/wp-content\/uploads\/2011\/06\/franco_hitler.png 200w, https:\/\/junjan.org\/wordpress\/wp-content\/uploads\/2011\/06\/franco_hitler-150x105.png 150w\" sizes=\"auto, (max-width: 200px) 100vw, 200px\" \/><\/a><br \/>\n<small>Franco y Hitler en Hendaya (23 de octubre de 1940)<\/small><\/p><\/blockquote>\n<p>Para m\u00e1s informaci\u00f3n sobre la guerra civil ver:<br \/>\n<a href=\"http:\/\/www.barranque.com\/guerracivil\/index.htm\">Guerracivil.info<\/a><br \/>\n<a href=\"\u201dhttp:\/\/www.guerracivil1936.galeon.com\/guerracivil.htm\u201d\">LA GUERRA CIVIL1936-1939<\/a><br \/>\nCarteles de la guerra civil:<br \/>\n<a href=\"http:\/\/globalia.net\/huberto\/libros\/carteles\/\">Colecci\u00f3n de carteles republicanos<\/a><br \/>\n<a href=\"http:\/\/www.chisholm-poster.com\/chisholm\/sCivil\/index.html\">Chisholm Larsson Gallery<\/a><br \/>\n<a href=\"http:\/\/www.ugt.es\/ugtpordentro\/guerracivil\/carteles.htm\">Carteles de la Guerra Civil en UGT<\/a><br \/>\nDocumentos interesantes sobre Franco y el franquismo:<br \/>\n<a href=\"http:\/\/www.el-mundo.es\/nacional\/XXV_aniversario\/javier.html\">Mitos del Franquismo &#8211; Javier Tusell<\/a><\/p>\n<blockquote><p>Sobre Franco hay una mitolog\u00eda que ha superado no s\u00f3lo las pruebas del tiempo, sino tambi\u00e9n las de la nacionalidad. Una: Franco evit\u00f3 la intervenci\u00f3n espa\u00f1ola en la II Guerra Mundial; no hay historiador que conozca m\u00ednimamente esta etapa y que firme esto con seriedad. Su imprudente posici\u00f3n no fue la de un neutral, sino la de un no-beligerante que roz\u00f3 durante muchos meses la prebeligerancia, igual que le sucedi\u00f3 a Mussolini hasta que \u00e9ste involucr\u00f3 a su pa\u00eds en el conflicto. Para evitar la intervenci\u00f3n espa\u00f1ola en la guerra, result\u00f3 m\u00e1s decisiva la actitud de Hitler que la del propio Franco&#8230;.<\/p><\/blockquote>\n<p><a href=\"http:\/\/www.vespito.net\/historia\/franco\/ecofran.html\">La econom\u00eda espa\u00f1ola durante el franquismo &#8211; Jos\u00e9 Luis Garc\u00eda Delgado<\/a><br \/>\n<a href=\"http:\/\/www.vespito.net\/historia\/franco\/franft.html\">De &#8216;Franquito&#8217; a \u00a1Franco, Franco, Franco! &#8211; Manuel V\u00e1zquez Montalb\u00e1n<\/a><\/p>\n<blockquote><p>Complementa la impresi\u00f3n de Guarner o la de Pilar Jaraiz el testimonio de Hidalgo de Cisneros, oficial aviador, piloto de hidroaviones durante la guerra de \u00c1frica: \u00abTambi\u00e9n hice varios viajes con Francisco Franco, que hab\u00eda ascendido aquellos d\u00edas a teniente coronel, y por el cual nunca sent\u00ed la menor simpat\u00eda. En la base de Mar Chica lo detest\u00e1bamos, empezando por su hermano Ram\u00f3n, con el que casi no se hablaba. Cuando ped\u00edan un hidro para el teniente coronel Francisco Franco, todos procur\u00e1bamos eludir el servicio, pues nos molestaba su actitud. Llegaba a la base siempre puntual\u00edsimo y siempre serio. Muy estirado, para parecer m\u00e1s alto y disimular su tripita ya incipiente. Seg\u00fan nos dec\u00eda su hermano, siempre tuvo el complejo de su peque\u00f1a estatura y de su tendencia a engordar. Nos saludaba muy reglamentario, pon\u00eda mala cara o dec\u00eda algo desagradable si el hidro no estaba listo. Montaba al lado del piloto y no soltaba palabra hasta llegar al sitio de destino. All\u00ed se desped\u00eda tambi\u00e9n muy militarmente, sin haber abandonado un solo instante su aspecto antip\u00e1tico de persona perfecta. No recuerdo nunca haberlo visto sonre\u00edr ni tener un gesto amable o humano. Con sus compa\u00f1eros del Tercio era igual o quiz\u00e1 m\u00e1s seco; se ve\u00eda que lo respetaban y tem\u00edan, pues como militar ten\u00eda mucho prestigio, pero sin la menor muestra de amistad o de afecto. Franco es antip\u00e1tico desde que era c\u00e9lula\u00bb. &#8230;<\/p><\/blockquote>\n","protected":false},"excerpt":{"rendered":"<p>Seg\u00fan una encuesta sobre historia que se realiz\u00f3 recientemente, los j\u00f3venes espa\u00f1oles no saben qui\u00e9n era Franco. Suponen que era un \u201cgobernante\u201d del pasado, pero no saben encuadrarlo en un periodo hist\u00f3rico concreto desde el siglo XVI en adelante. Dado el estado general de desinformaci\u00f3n y propaganda, ignorancia promovida por la televisi\u00f3n, \u201cpanis et circensis\u201d,&hellip;&nbsp;<a href=\"https:\/\/junjan.org\/wordpress\/2004\/02\/historia_olvidada_1_franco\/\" rel=\"bookmark\">Leer m\u00e1s &raquo;<span class=\"screen-reader-text\">Historia olvidada 1. Franco<\/span><\/a><\/p>\n","protected":false},"author":1,"featured_media":0,"comment_status":"open","ping_status":"open","sticky":false,"template":"","format":"standard","meta":{"neve_meta_sidebar":"","neve_meta_container":"","neve_meta_enable_content_width":"","neve_meta_content_width":0,"neve_meta_title_alignment":"","neve_meta_author_avatar":"","neve_post_elements_order":"","neve_meta_disable_header":"","neve_meta_disable_footer":"","neve_meta_disable_title":"","footnotes":""},"categories":[8],"tags":[697,754,752],"class_list":["post-15","post","type-post","status-publish","format-standard","hentry","category-historia","tag-guerra-civil","tag-franco","tag-historia-2"],"_links":{"self":[{"href":"https:\/\/junjan.org\/wordpress\/wp-json\/wp\/v2\/posts\/15","targetHints":{"allow":["GET"]}}],"collection":[{"href":"https:\/\/junjan.org\/wordpress\/wp-json\/wp\/v2\/posts"}],"about":[{"href":"https:\/\/junjan.org\/wordpress\/wp-json\/wp\/v2\/types\/post"}],"author":[{"embeddable":true,"href":"https:\/\/junjan.org\/wordpress\/wp-json\/wp\/v2\/users\/1"}],"replies":[{"embeddable":true,"href":"https:\/\/junjan.org\/wordpress\/wp-json\/wp\/v2\/comments?post=15"}],"version-history":[{"count":3,"href":"https:\/\/junjan.org\/wordpress\/wp-json\/wp\/v2\/posts\/15\/revisions"}],"predecessor-version":[{"id":2476,"href":"https:\/\/junjan.org\/wordpress\/wp-json\/wp\/v2\/posts\/15\/revisions\/2476"}],"wp:attachment":[{"href":"https:\/\/junjan.org\/wordpress\/wp-json\/wp\/v2\/media?parent=15"}],"wp:term":[{"taxonomy":"category","embeddable":true,"href":"https:\/\/junjan.org\/wordpress\/wp-json\/wp\/v2\/categories?post=15"},{"taxonomy":"post_tag","embeddable":true,"href":"https:\/\/junjan.org\/wordpress\/wp-json\/wp\/v2\/tags?post=15"}],"curies":[{"name":"wp","href":"https:\/\/api.w.org\/{rel}","templated":true}]}}