{"id":151,"date":"2004-06-07T12:16:02","date_gmt":"2004-06-07T12:16:02","guid":{"rendered":"http:\/\/junjan.org\/wordpress\/?p=151"},"modified":"2004-06-07T12:16:02","modified_gmt":"2004-06-07T12:16:02","slug":"republicanos_en_la_sgm","status":"publish","type":"post","link":"https:\/\/junjan.org\/wordpress\/2004\/06\/republicanos_en_la_sgm\/","title":{"rendered":"Republicanos en la SGM"},"content":{"rendered":"<p>Con los actos del sexag\u00e9simo aniversario del desembarco de Normand\u00eda me han venido a la mente esas partes olvidadas de la historia que nunca se recuerdan, como por ejemplo, la participaci\u00f3n de los republicanos espa\u00f1oles en la segunda guerra mundial, de la que escuche el otro d\u00eda una rese\u00f1a en la radio.<br \/>\nHe estado buscando por la red informaci\u00f3n al respecto y he encontrado estas impresionantes fotograf\u00edas del los **\u00bbEspa\u00f1oles en el Holocausto nazi\u00bb**.<br \/>\n\u00ac <a href=\"http:\/\/www.junjan.org\/weblog\/images\/espa_holocausto0.html\" onclick=\"window.open('http:\/\/www.junjan.org\/weblog\/images\/espa_holocausto0.html','popup','width=480,height=362,scrollbars=no,resizable=no,toolbar=no,directories=no,location=no,menubar=no,status=no,left=0,top=0'); return false\">Trabajos forzados en el campos de Mauthausen.<\/a><br \/>\n\u00ac <a href=\"http:\/\/www.junjan.org\/weblog\/images\/espa_holocausto1.html\" onclick=\"window.open('http:\/\/www.junjan.org\/weblog\/images\/espa_holocausto1.html','popup','width=464,height=370,scrollbars=no,resizable=no,toolbar=no,directories=no,location=no,menubar=no,status=no,left=0,top=0'); return false\">Espa\u00f1oles en el campo de Mauthausen reciben a los soldados americanos.<\/a> El cartel dice \u00abLos Espa\u00f1oles Antifascistas saludan a las fuerzas libertadoras\u00bb.<br \/>\nFuente: \u00abUnited States Holocaust Memorial Museum\u00bb:http:\/\/www.ushmm.org\/<br \/>\n**Actualizaci\u00f3n**<br \/>\nInteresante art\u00edculo: \u00ab[\u00abThe Spanish Holocaust and the Cover-Up that Lasted a Generation\u00bb:http:\/\/hnn.us\/articles\/1146.html]\u00bb<\/p>\n","protected":false},"excerpt":{"rendered":"<p>Con los actos del sexag\u00e9simo aniversario del desembarco de Normand\u00eda me han venido a la mente esas partes olvidadas de la historia que nunca se recuerdan, como por ejemplo, la participaci\u00f3n de los republicanos espa\u00f1oles en la segunda guerra mundial, de la que escuche el otro d\u00eda una rese\u00f1a en la radio. He estado buscando&hellip;&nbsp;<a href=\"https:\/\/junjan.org\/wordpress\/2004\/06\/republicanos_en_la_sgm\/\" rel=\"bookmark\">Leer m\u00e1s &raquo;<span class=\"screen-reader-text\">Republicanos en la SGM<\/span><\/a><\/p>\n","protected":false},"author":1,"featured_media":0,"comment_status":"open","ping_status":"open","sticky":false,"template":"","format":"standard","meta":{"neve_meta_sidebar":"","neve_meta_container":"","neve_meta_enable_content_width":"","neve_meta_content_width":0,"neve_meta_title_alignment":"","neve_meta_author_avatar":"","neve_post_elements_order":"","neve_meta_disable_header":"","neve_meta_disable_footer":"","neve_meta_disable_title":"","footnotes":""},"categories":[8],"tags":[],"class_list":["post-151","post","type-post","status-publish","format-standard","hentry","category-historia"],"_links":{"self":[{"href":"https:\/\/junjan.org\/wordpress\/wp-json\/wp\/v2\/posts\/151","targetHints":{"allow":["GET"]}}],"collection":[{"href":"https:\/\/junjan.org\/wordpress\/wp-json\/wp\/v2\/posts"}],"about":[{"href":"https:\/\/junjan.org\/wordpress\/wp-json\/wp\/v2\/types\/post"}],"author":[{"embeddable":true,"href":"https:\/\/junjan.org\/wordpress\/wp-json\/wp\/v2\/users\/1"}],"replies":[{"embeddable":true,"href":"https:\/\/junjan.org\/wordpress\/wp-json\/wp\/v2\/comments?post=151"}],"version-history":[{"count":0,"href":"https:\/\/junjan.org\/wordpress\/wp-json\/wp\/v2\/posts\/151\/revisions"}],"wp:attachment":[{"href":"https:\/\/junjan.org\/wordpress\/wp-json\/wp\/v2\/media?parent=151"}],"wp:term":[{"taxonomy":"category","embeddable":true,"href":"https:\/\/junjan.org\/wordpress\/wp-json\/wp\/v2\/categories?post=151"},{"taxonomy":"post_tag","embeddable":true,"href":"https:\/\/junjan.org\/wordpress\/wp-json\/wp\/v2\/tags?post=151"}],"curies":[{"name":"wp","href":"https:\/\/api.w.org\/{rel}","templated":true}]}}