{"id":1558,"date":"2011-06-19T13:15:56","date_gmt":"2011-06-19T11:15:56","guid":{"rendered":"http:\/\/junjan.org\/wordpress\/?p=1558"},"modified":"2011-06-19T13:25:03","modified_gmt":"2011-06-19T11:25:03","slug":"%c2%bfque-es-el-pacto-del-euro","status":"publish","type":"post","link":"https:\/\/junjan.org\/wordpress\/2011\/06\/%c2%bfque-es-el-pacto-del-euro\/","title":{"rendered":"\u00bfQu\u00e9 es el Pacto del Euro?"},"content":{"rendered":"<p>El llamado \u00abPacto del Euro\u00bb es\u00a0un acuerdo entre<a href=\"http:\/\/www.elpais.com\/articulo\/economia\/Pacto\/Euro\/sale\/adelante\/recortes\/sociales\/salariales\/elpepieco\/20110312elpepieco_2\/Tes\" target=\"_blank\"> los pa\u00edses de la zona euro<\/a> cuyo objetivo es fomentar la competitividad. \u00bfC\u00f3mo se propone conseguir esto? Haciendo que los estados se comprometan a mantener la moderaci\u00f3n salarial, la contenci\u00f3n del gasto en pensiones y prestaciones sociales y la flexibilidad laboral para \u00abfomentar\u00bb el empleo y coordinar las pol\u00edticas fiscales.\u00a0Esta ser\u00eda la <a href=\"http:\/\/youtu.be\/9uhRXfQ-IYw\" target=\"_blank\">definici\u00f3n pol\u00edticamente correcta que dan los medios y los pol\u00edticos a favor<\/a>.<\/p>\n<p>Seg\u00fan <a href=\"http:\/\/www.attac.es\/que-es-el-pacto-del-euro-y-porque-se-convoca-el-19j\/\" target=\"_blank\">ATTAC<\/a> estas medidas\u00a0consisten en la vinculaci\u00f3n de los salarios a la productividad, aumentar la edad de jubilaci\u00f3n y trasvasar fondos a los planes privados de pensiones, introducir en las Constituciones de los Estados la obligatoriedad de limitar los d\u00e9ficits p\u00fablicos, establecer un calendario para la reducci\u00f3n de la Deuda P\u00fablica y disciplinar a los pa\u00edses con desequilibrios macroecon\u00f3micos graves, incluyendo la falta de competitividad pero no el paro. En otras palabras, reducir los salarios, abaratar el despido, reducir el gasto p\u00fablico (sobretodo en gastos sociales) y alargar la edad de jubilaci\u00f3n.\u00a0Explicado aqu\u00ed:<\/p>\n<div class=\"nv-iframe-embed\"><iframe loading=\"lazy\" title=\"El Pacto del Euro\" src=\"https:\/\/player.vimeo.com\/video\/24919457?dnt=1&amp;app_id=122963\" width=\"1200\" height=\"675\" frameborder=\"0\" allow=\"autoplay; fullscreen\" allowfullscreen><\/iframe><\/div>\n<p>y aqu\u00ed:<\/p>\n<div class=\"nv-iframe-embed\"><iframe loading=\"lazy\" title=\"CONFERENCIA PACTO EURO 1\" width=\"1200\" height=\"675\" src=\"https:\/\/www.youtube.com\/embed\/UyW5y_2N83o?feature=oembed\" frameborder=\"0\" allow=\"accelerometer; autoplay; clipboard-write; encrypted-media; gyroscope; picture-in-picture\" allowfullscreen><\/iframe><\/div>\n<p>Parece que el pacto del Euro s\u00f3lo quiere dar la puntilla a los pa\u00edses donde \u00abel estado del bienestar\u00bb todav\u00eda ten\u00eda alguna\u00a0vigencia\u00a0y formalizar a\u00fan m\u00e1s la separaci\u00f3n entre los de arriba (una minor\u00eda que no tiene l\u00edmites ni regulaci\u00f3n alguna) y los de abajo (que tienen todos los l\u00edmites posibles y todas las regulaciones imaginables).<\/p>\n<p><a href=\"http:\/\/junjan.org\/wordpress\/wp-content\/uploads\/2011\/06\/Resumen_Rechazo_Pacto_Euro.pdf\" target=\"_blank\">Documento en relaci\u00f3n al Pacto del Euro realizado por Democracia Real Ya (PDF)<\/a><\/p>\n","protected":false},"excerpt":{"rendered":"<p>El llamado \u00abPacto del Euro\u00bb es\u00a0un acuerdo entre los pa\u00edses de la zona euro cuyo objetivo es fomentar la competitividad. \u00bfC\u00f3mo se propone conseguir esto? Haciendo que los estados se comprometan a mantener la moderaci\u00f3n salarial, la contenci\u00f3n del gasto en pensiones y prestaciones sociales y la flexibilidad laboral para \u00abfomentar\u00bb el empleo y coordinar&hellip;&nbsp;<a href=\"https:\/\/junjan.org\/wordpress\/2011\/06\/%c2%bfque-es-el-pacto-del-euro\/\" rel=\"bookmark\">Leer m\u00e1s &raquo;<span class=\"screen-reader-text\">\u00bfQu\u00e9 es el Pacto del Euro?<\/span><\/a><\/p>\n","protected":false},"author":1,"featured_media":0,"comment_status":"open","ping_status":"open","sticky":false,"template":"","format":"standard","meta":{"neve_meta_sidebar":"","neve_meta_container":"","neve_meta_enable_content_width":"","neve_meta_content_width":0,"neve_meta_title_alignment":"","neve_meta_author_avatar":"","neve_post_elements_order":"","neve_meta_disable_header":"","neve_meta_disable_footer":"","neve_meta_disable_title":"","footnotes":""},"categories":[5,28],"tags":[477,767,768],"class_list":["post-1558","post","type-post","status-publish","format-standard","hentry","category-actualidad","category-derechos","tag-15m","tag-19j","tag-pactodeleuro"],"_links":{"self":[{"href":"https:\/\/junjan.org\/wordpress\/wp-json\/wp\/v2\/posts\/1558","targetHints":{"allow":["GET"]}}],"collection":[{"href":"https:\/\/junjan.org\/wordpress\/wp-json\/wp\/v2\/posts"}],"about":[{"href":"https:\/\/junjan.org\/wordpress\/wp-json\/wp\/v2\/types\/post"}],"author":[{"embeddable":true,"href":"https:\/\/junjan.org\/wordpress\/wp-json\/wp\/v2\/users\/1"}],"replies":[{"embeddable":true,"href":"https:\/\/junjan.org\/wordpress\/wp-json\/wp\/v2\/comments?post=1558"}],"version-history":[{"count":4,"href":"https:\/\/junjan.org\/wordpress\/wp-json\/wp\/v2\/posts\/1558\/revisions"}],"predecessor-version":[{"id":1562,"href":"https:\/\/junjan.org\/wordpress\/wp-json\/wp\/v2\/posts\/1558\/revisions\/1562"}],"wp:attachment":[{"href":"https:\/\/junjan.org\/wordpress\/wp-json\/wp\/v2\/media?parent=1558"}],"wp:term":[{"taxonomy":"category","embeddable":true,"href":"https:\/\/junjan.org\/wordpress\/wp-json\/wp\/v2\/categories?post=1558"},{"taxonomy":"post_tag","embeddable":true,"href":"https:\/\/junjan.org\/wordpress\/wp-json\/wp\/v2\/tags?post=1558"}],"curies":[{"name":"wp","href":"https:\/\/api.w.org\/{rel}","templated":true}]}}