{"id":1565,"date":"2011-06-19T23:31:05","date_gmt":"2011-06-19T21:31:05","guid":{"rendered":"http:\/\/junjan.org\/wordpress\/?p=1565"},"modified":"2011-06-19T23:31:05","modified_gmt":"2011-06-19T21:31:05","slug":"19j-bcn-fotos","status":"publish","type":"post","link":"https:\/\/junjan.org\/wordpress\/2011\/06\/19j-bcn-fotos\/","title":{"rendered":"#19J Bcn Fotos"},"content":{"rendered":"<p>Fotos de la Manifestaci\u00f3n 19J en Barcelona que transcurri\u00f3 entre la Plaza de Catalu\u00f1a y la Pla de Palau.<\/p>\n<p><object width=\"400\" height=\"300\"><param name=\"flashvars\" value=\"offsite=true&#038;lang=en-us&#038;page_show_url=%2Fphotos%2Fjunjan%2Fsets%2F72157626998943334%2Fshow%2F&#038;page_show_back_url=%2Fphotos%2Fjunjan%2Fsets%2F72157626998943334%2F&#038;set_id=72157626998943334&#038;jump_to=\"><\/param><param name=\"movie\" value=\"http:\/\/www.flickr.com\/apps\/slideshow\/show.swf?v=104087\"><\/param><param name=\"allowFullScreen\" value=\"true\"><\/param><embed type=\"application\/x-shockwave-flash\" src=\"http:\/\/www.flickr.com\/apps\/slideshow\/show.swf?v=104087\" allowFullScreen=\"true\" flashvars=\"offsite=true&#038;lang=en-us&#038;page_show_url=%2Fphotos%2Fjunjan%2Fsets%2F72157626998943334%2Fshow%2F&#038;page_show_back_url=%2Fphotos%2Fjunjan%2Fsets%2F72157626998943334%2F&#038;set_id=72157626998943334&#038;jump_to=\" width=\"400\" height=\"300\"><\/embed><\/object><\/p>\n","protected":false},"excerpt":{"rendered":"<p>Fotos de la Manifestaci\u00f3n 19J en Barcelona que transcurri\u00f3 entre la Plaza de Catalu\u00f1a y la Pla de Palau.<\/p>\n","protected":false},"author":1,"featured_media":0,"comment_status":"open","ping_status":"open","sticky":false,"template":"","format":"standard","meta":{"neve_meta_sidebar":"","neve_meta_container":"","neve_meta_enable_content_width":"","neve_meta_content_width":0,"neve_meta_title_alignment":"","neve_meta_author_avatar":"","neve_post_elements_order":"","neve_meta_disable_header":"","neve_meta_disable_footer":"","neve_meta_disable_title":"","footnotes":""},"categories":[5,48],"tags":[477,767,698,764],"class_list":["post-1565","post","type-post","status-publish","format-standard","hentry","category-actualidad","category-foto","tag-15m","tag-19j","tag-barcelona","tag-indignados"],"_links":{"self":[{"href":"https:\/\/junjan.org\/wordpress\/wp-json\/wp\/v2\/posts\/1565","targetHints":{"allow":["GET"]}}],"collection":[{"href":"https:\/\/junjan.org\/wordpress\/wp-json\/wp\/v2\/posts"}],"about":[{"href":"https:\/\/junjan.org\/wordpress\/wp-json\/wp\/v2\/types\/post"}],"author":[{"embeddable":true,"href":"https:\/\/junjan.org\/wordpress\/wp-json\/wp\/v2\/users\/1"}],"replies":[{"embeddable":true,"href":"https:\/\/junjan.org\/wordpress\/wp-json\/wp\/v2\/comments?post=1565"}],"version-history":[{"count":1,"href":"https:\/\/junjan.org\/wordpress\/wp-json\/wp\/v2\/posts\/1565\/revisions"}],"predecessor-version":[{"id":1566,"href":"https:\/\/junjan.org\/wordpress\/wp-json\/wp\/v2\/posts\/1565\/revisions\/1566"}],"wp:attachment":[{"href":"https:\/\/junjan.org\/wordpress\/wp-json\/wp\/v2\/media?parent=1565"}],"wp:term":[{"taxonomy":"category","embeddable":true,"href":"https:\/\/junjan.org\/wordpress\/wp-json\/wp\/v2\/categories?post=1565"},{"taxonomy":"post_tag","embeddable":true,"href":"https:\/\/junjan.org\/wordpress\/wp-json\/wp\/v2\/tags?post=1565"}],"curies":[{"name":"wp","href":"https:\/\/api.w.org\/{rel}","templated":true}]}}