{"id":157,"date":"2004-06-11T11:29:29","date_gmt":"2004-06-11T11:29:29","guid":{"rendered":"http:\/\/junjan.org\/wordpress\/?p=157"},"modified":"2004-06-11T11:29:29","modified_gmt":"2004-06-11T11:29:29","slug":"europa_qu_es_eso","status":"publish","type":"post","link":"https:\/\/junjan.org\/wordpress\/2004\/06\/europa_qu_es_eso\/","title":{"rendered":"Europa, \u00bfQu\u00e9 es eso?"},"content":{"rendered":"<p>Las Elecciones al \u00abParlamento Europeo\u00bb:http:\/\/www.europarl.eu.int\/europe2004\/index_es.htm est\u00e1n pasando sin pena ni gloria por toda Europa. Convertidas en una especie de segunda ronda de elecciones generales, auton\u00f3micas, federales o municipales, est\u00e1n siendo un fracaso monumental. La abstenci\u00f3n ha sido masiva en los pa\u00edses que ya han votado y la falta de inter\u00e9s ha llevado a que partidos minoritarios de corte ultranacionalista, antieurope\u00edsta o simplemente racistas se lleven parte de los esca\u00f1os en algunos pa\u00edses.<br \/>\nLos partidos pol\u00edticos no han puesto ni un gramo de su ya de por si floja energ\u00eda, en hacer de esta campa\u00f1a algo noticiable. La Eurocopa, el tr\u00e1nsito de Venus, la inflaci\u00f3n internual o la reuni\u00f3n de los ni\u00f1os ricos del G8, han ganado claramente en los noticiarios. Las elecciones europeas han pasado a una oscura parte de las p\u00e1ginas interiores o a los minutos basura.<br \/>\nTodo esto har\u00eda o har\u00e1 pensar a mucha gente que el Parlamento Europeo es una instituci\u00f3n inoperante que no toma decisiones reales, pero no, en el Parlamento Europeo se toman muchas decisiones que tarde o temprano nos van a afectar.<br \/>\nEntonces, \u00bfpor qu\u00e9 no se da m\u00e1s \u00e9nfasis a estas elecciones? \u00bfpor qu\u00e9 se potencia la abstenci\u00f3n con tal desinter\u00e9s? \u00bfQuieren los gobiernos nacionales deshacerse del Parlamento o relegarlo a un papel puramente testimonial?<\/p>\n","protected":false},"excerpt":{"rendered":"<p>Las Elecciones al \u00abParlamento Europeo\u00bb:http:\/\/www.europarl.eu.int\/europe2004\/index_es.htm est\u00e1n pasando sin pena ni gloria por toda Europa. Convertidas en una especie de segunda ronda de elecciones generales, auton\u00f3micas, federales o municipales, est\u00e1n siendo un fracaso monumental. La abstenci\u00f3n ha sido masiva en los pa\u00edses que ya han votado y la falta de inter\u00e9s ha llevado a que partidos&hellip;&nbsp;<a href=\"https:\/\/junjan.org\/wordpress\/2004\/06\/europa_qu_es_eso\/\" rel=\"bookmark\">Leer m\u00e1s &raquo;<span class=\"screen-reader-text\">Europa, \u00bfQu\u00e9 es eso?<\/span><\/a><\/p>\n","protected":false},"author":1,"featured_media":0,"comment_status":"open","ping_status":"open","sticky":false,"template":"","format":"standard","meta":{"neve_meta_sidebar":"","neve_meta_container":"","neve_meta_enable_content_width":"","neve_meta_content_width":0,"neve_meta_title_alignment":"","neve_meta_author_avatar":"","neve_post_elements_order":"","neve_meta_disable_header":"","neve_meta_disable_footer":"","neve_meta_disable_title":"","footnotes":""},"categories":[5],"tags":[],"class_list":["post-157","post","type-post","status-publish","format-standard","hentry","category-actualidad"],"_links":{"self":[{"href":"https:\/\/junjan.org\/wordpress\/wp-json\/wp\/v2\/posts\/157","targetHints":{"allow":["GET"]}}],"collection":[{"href":"https:\/\/junjan.org\/wordpress\/wp-json\/wp\/v2\/posts"}],"about":[{"href":"https:\/\/junjan.org\/wordpress\/wp-json\/wp\/v2\/types\/post"}],"author":[{"embeddable":true,"href":"https:\/\/junjan.org\/wordpress\/wp-json\/wp\/v2\/users\/1"}],"replies":[{"embeddable":true,"href":"https:\/\/junjan.org\/wordpress\/wp-json\/wp\/v2\/comments?post=157"}],"version-history":[{"count":0,"href":"https:\/\/junjan.org\/wordpress\/wp-json\/wp\/v2\/posts\/157\/revisions"}],"wp:attachment":[{"href":"https:\/\/junjan.org\/wordpress\/wp-json\/wp\/v2\/media?parent=157"}],"wp:term":[{"taxonomy":"category","embeddable":true,"href":"https:\/\/junjan.org\/wordpress\/wp-json\/wp\/v2\/categories?post=157"},{"taxonomy":"post_tag","embeddable":true,"href":"https:\/\/junjan.org\/wordpress\/wp-json\/wp\/v2\/tags?post=157"}],"curies":[{"name":"wp","href":"https:\/\/api.w.org\/{rel}","templated":true}]}}