{"id":16,"date":"2004-02-13T14:22:02","date_gmt":"2004-02-13T14:22:02","guid":{"rendered":"http:\/\/junjan.org\/wordpress\/?p=16"},"modified":"2018-02-24T20:21:03","modified_gmt":"2018-02-24T19:21:03","slug":"censura_y_partidismo_en_antena","status":"publish","type":"post","link":"https:\/\/junjan.org\/wordpress\/2004\/02\/censura_y_partidismo_en_antena\/","title":{"rendered":"Censura y partidismo en Antena 3"},"content":{"rendered":"<p>Este es un correo que circula por la red y que supuestamente ha sido an\u00f3nimamente enviado por empleados de la cadena de televisi\u00f3n Antena 3:<br \/>\nSi es verdadero, pues no es muy sorprendente, y si es falso parece que se ajusta bastante a la realidad.<\/p>\n<blockquote>\n<div class=\"citation\">05 de febrero de 2004<br \/>\nSomos periodistas y trabajamos dentro de la cadena. Lamentablemente el temor a represalias como las que han empleado en el pasado nos obliga a permanecer en el anonimato. Pero tenemos la fuerza para decir y denunciar hechos concretos y muy graves que se est\u00e1n produciendo en la<br \/>\nredacci\u00f3n de informativos de Antena3:<br \/>\n1.-El control pol\u00edtico y la censura informativa han alcanzado cotas nunca vistas en esta cadena. La direcci\u00f3n de informativos s\u00f3lo se preocupa de que los programas de noticias respondan a los intereses electorales del Partido Popular.<br \/>\n2.-La direcci\u00f3n de informativos ha ordenado a los redactores pasar de puntillas por el caso Fabra y el esc\u00e1ndalo del alcalde de Toques (ambos miembros del Partido Popular).<br \/>\n3.-La direcci\u00f3n de informativos ha ordenado hacer sangre con el esc\u00e1ndalo provocado por la reuni\u00f3n entre Carod Rovira y ETA. Sin embargo elude informar sobre la pol\u00e9mica suscitada por la presunta utilizaci\u00f3n partidista de los servicios de inteligencia.<br \/>\n4.-Hace ahora diez d\u00edas se difundi\u00f3 a bombo y platillo una grabaci\u00f3n en la que se pod\u00eda escuchar como Jos\u00e9 Bono (sin darse cuenta de que estaba siendo grabada su voz) le dec\u00eda a un compa\u00f1ero de partido que Tony Blair era gilipollas. Sin embargo nunca se emiti\u00f3 la primera parte de la grabaci\u00f3n en la que Bono dec\u00eda \u00abArenas me ha dicho que est\u00e1n poco contentos, que no hay color entre Rajoy y Aznar\u00bb.<br \/>\n5.-El Consejero Delegado de la cadena Maurizio Carlotti est\u00e1 celebrando reuniones con grupos de<br \/>\nperiodistas de la redacci\u00f3n. En varios de ellos ha afirmado textualmente: \u00abdeber\u00edais aprender de lo que ocurre en Italia\u00bb. All\u00ed un periodista de izquierdas nunca trabaja en un medio de comunicaci\u00f3n de derechas.<br \/>\n6.-La desverg\u00fcenza de la Jefa de Informativos Gloria Lomana es tal, que se adjudica premios que no le corresponden. El pasado domingo recogi\u00f3 personalmente el premio TP (Teleprograma) que recibi\u00f3 el programa Espejo P\u00fablico como mejor programa de actualidad del 2003. Lomana recogi\u00f3 el premio que, en realidad correspond\u00eda, por derecho, al director de ese programa en 2003, su editora y su realizador. El problema es que los tres fueron despedidos dentro del E.R.E. ejecutado por la direcci\u00f3n de la cadena (pese a que el programa obtuvo premios y buen\u00edsimos resultados de audiencia en 2.003). Lomana les despidi\u00f3 y adem\u00e1s se qued\u00f3 con su premio.<br \/>\nConsideramos que los hechos denunciados son lo suficientemente graves para que salgan a la luz.<br \/>\nConfiamos en que su medio tenga el valor de hacerlo. Todos los hechos son f\u00e1cilmente contrastables. Gracias y un saludo.<br \/>\nPeriodistas de Antena 3 Televisi\u00f3n<\/div>\n<\/blockquote>\n","protected":false},"excerpt":{"rendered":"<p>Este es un correo que circula por la red y que supuestamente ha sido an\u00f3nimamente enviado por empleados de la cadena de televisi\u00f3n Antena 3: Si es verdadero, pues no es muy sorprendente, y si es falso parece que se ajusta bastante a la realidad. 05 de febrero de 2004 Somos periodistas y trabajamos dentro&hellip;&nbsp;<a href=\"https:\/\/junjan.org\/wordpress\/2004\/02\/censura_y_partidismo_en_antena\/\" rel=\"bookmark\">Leer m\u00e1s &raquo;<span class=\"screen-reader-text\">Censura y partidismo en Antena 3<\/span><\/a><\/p>\n","protected":false},"author":1,"featured_media":0,"comment_status":"open","ping_status":"open","sticky":false,"template":"","format":"standard","meta":{"neve_meta_sidebar":"","neve_meta_container":"","neve_meta_enable_content_width":"","neve_meta_content_width":0,"neve_meta_title_alignment":"","neve_meta_author_avatar":"","neve_post_elements_order":"","neve_meta_disable_header":"","neve_meta_disable_footer":"","neve_meta_disable_title":"","footnotes":""},"categories":[5],"tags":[],"class_list":["post-16","post","type-post","status-publish","format-standard","hentry","category-actualidad"],"_links":{"self":[{"href":"https:\/\/junjan.org\/wordpress\/wp-json\/wp\/v2\/posts\/16","targetHints":{"allow":["GET"]}}],"collection":[{"href":"https:\/\/junjan.org\/wordpress\/wp-json\/wp\/v2\/posts"}],"about":[{"href":"https:\/\/junjan.org\/wordpress\/wp-json\/wp\/v2\/types\/post"}],"author":[{"embeddable":true,"href":"https:\/\/junjan.org\/wordpress\/wp-json\/wp\/v2\/users\/1"}],"replies":[{"embeddable":true,"href":"https:\/\/junjan.org\/wordpress\/wp-json\/wp\/v2\/comments?post=16"}],"version-history":[{"count":1,"href":"https:\/\/junjan.org\/wordpress\/wp-json\/wp\/v2\/posts\/16\/revisions"}],"predecessor-version":[{"id":2477,"href":"https:\/\/junjan.org\/wordpress\/wp-json\/wp\/v2\/posts\/16\/revisions\/2477"}],"wp:attachment":[{"href":"https:\/\/junjan.org\/wordpress\/wp-json\/wp\/v2\/media?parent=16"}],"wp:term":[{"taxonomy":"category","embeddable":true,"href":"https:\/\/junjan.org\/wordpress\/wp-json\/wp\/v2\/categories?post=16"},{"taxonomy":"post_tag","embeddable":true,"href":"https:\/\/junjan.org\/wordpress\/wp-json\/wp\/v2\/tags?post=16"}],"curies":[{"name":"wp","href":"https:\/\/api.w.org\/{rel}","templated":true}]}}