{"id":163,"date":"2004-06-14T15:27:29","date_gmt":"2004-06-14T15:27:29","guid":{"rendered":"http:\/\/junjan.org\/wordpress\/?p=163"},"modified":"2004-06-14T15:27:29","modified_gmt":"2004-06-14T15:27:29","slug":"un_nuevo_comienzo_en_derechos","status":"publish","type":"post","link":"https:\/\/junjan.org\/wordpress\/2004\/06\/un_nuevo_comienzo_en_derechos\/","title":{"rendered":"Un nuevo comienzo en derechos humanos"},"content":{"rendered":"<p>Amnist\u00eda Internacional acaba de publicar el informe \u00ab[\u00ab**Espa\u00f1a. Un Compromiso necesario.** Recomendaciones de AI para un plan de acci\u00f3n de derechos humanos.\u00bb:http:\/\/www.es.amnesty.org\/esp\/docs\/compromiso_necesario.pdf]\u00bb (pdf)<br \/>\nEn \u00e9ste documento, AI pide al nuevo gobierno de Espa\u00f1a que _\u00bblos compromisos en pol\u00edtica exterior deben ser coherentes con los compromisos en pol\u00edtica interior\u00bb_ y advierte que _\u00bbsacrificar los derechos humanos en el nombre de la seguridad no rinde frutos a largo plazo y puede ser contraproducente\u00bb._ Fragmento:<\/p>\n<div class=\"citation\">\nAmnist\u00eda Internacional, Naciones Unidas y el Comit\u00e9 Europeo para la Prevenci\u00f3n de la Tortura han documentado graves casos de torturas y malos tratos en Espa\u00f1a, incluyendo casos con alto componente racista.<br \/>\n\u201cEn el pasado, la negaci\u00f3n ha fomentado el ciclo de tortura y malos tratos. El gobierno debe hacer frente a sus obligaciones, investigar plenamente dichas acusaciones y dejar claro que habr\u00e1 cero tolerancia para la tortura\u201d, dijo Irene Khan.<br \/>\n\u201cPedimos al gobierno que revise las recomendaciones hechas por organismos internacionales para prevenir la tortura. La mejor manera de proteger los derechos de los detenidos y proteger la reputaci\u00f3n de las fuerzas de seguridad contra las denuncias falsas es ofrecer mayores garant\u00edas\u201d.<br \/>\nAmnist\u00eda Internacional ha documentado la persistencia de brotes de racismo y xenofobia en diferentes partes de Espa\u00f1a. El informe presentado por la organizaci\u00f3n a las autoridades pide que se haga frente a la discriminaci\u00f3n, y se garanticen los derechos humanos y la dignidad de los inmigrantes.\n<\/div>\n","protected":false},"excerpt":{"rendered":"<p>Amnist\u00eda Internacional acaba de publicar el informe \u00ab[\u00ab**Espa\u00f1a. Un Compromiso necesario.** Recomendaciones de AI para un plan de acci\u00f3n de derechos humanos.\u00bb:http:\/\/www.es.amnesty.org\/esp\/docs\/compromiso_necesario.pdf]\u00bb (pdf) En \u00e9ste documento, AI pide al nuevo gobierno de Espa\u00f1a que _\u00bblos compromisos en pol\u00edtica exterior deben ser coherentes con los compromisos en pol\u00edtica interior\u00bb_ y advierte que _\u00bbsacrificar los derechos humanos&hellip;&nbsp;<a href=\"https:\/\/junjan.org\/wordpress\/2004\/06\/un_nuevo_comienzo_en_derechos\/\" rel=\"bookmark\">Leer m\u00e1s &raquo;<span class=\"screen-reader-text\">Un nuevo comienzo en derechos humanos<\/span><\/a><\/p>\n","protected":false},"author":1,"featured_media":0,"comment_status":"open","ping_status":"open","sticky":false,"template":"","format":"standard","meta":{"neve_meta_sidebar":"","neve_meta_container":"","neve_meta_enable_content_width":"","neve_meta_content_width":0,"neve_meta_title_alignment":"","neve_meta_author_avatar":"","neve_post_elements_order":"","neve_meta_disable_header":"","neve_meta_disable_footer":"","neve_meta_disable_title":"","footnotes":""},"categories":[5,28],"tags":[],"class_list":["post-163","post","type-post","status-publish","format-standard","hentry","category-actualidad","category-derechos"],"_links":{"self":[{"href":"https:\/\/junjan.org\/wordpress\/wp-json\/wp\/v2\/posts\/163","targetHints":{"allow":["GET"]}}],"collection":[{"href":"https:\/\/junjan.org\/wordpress\/wp-json\/wp\/v2\/posts"}],"about":[{"href":"https:\/\/junjan.org\/wordpress\/wp-json\/wp\/v2\/types\/post"}],"author":[{"embeddable":true,"href":"https:\/\/junjan.org\/wordpress\/wp-json\/wp\/v2\/users\/1"}],"replies":[{"embeddable":true,"href":"https:\/\/junjan.org\/wordpress\/wp-json\/wp\/v2\/comments?post=163"}],"version-history":[{"count":0,"href":"https:\/\/junjan.org\/wordpress\/wp-json\/wp\/v2\/posts\/163\/revisions"}],"wp:attachment":[{"href":"https:\/\/junjan.org\/wordpress\/wp-json\/wp\/v2\/media?parent=163"}],"wp:term":[{"taxonomy":"category","embeddable":true,"href":"https:\/\/junjan.org\/wordpress\/wp-json\/wp\/v2\/categories?post=163"},{"taxonomy":"post_tag","embeddable":true,"href":"https:\/\/junjan.org\/wordpress\/wp-json\/wp\/v2\/tags?post=163"}],"curies":[{"name":"wp","href":"https:\/\/api.w.org\/{rel}","templated":true}]}}