{"id":1695,"date":"2011-06-24T12:08:00","date_gmt":"2011-06-24T10:08:00","guid":{"rendered":"http:\/\/junjan.org\/wordpress\/?p=1695"},"modified":"2011-06-24T12:14:55","modified_gmt":"2011-06-24T10:14:55","slug":"valores-universales-cristianistas","status":"publish","type":"post","link":"https:\/\/junjan.org\/wordpress\/2011\/06\/valores-universales-cristianistas\/","title":{"rendered":"Valores universales cristianistas"},"content":{"rendered":"<p>Analizando quien pone la mitad del dinero para la cercana visita de<a href=\"http:\/\/www.escolar.net\/MT\/archives\/2011\/06\/para-el-papa-si-hay-dinero.html\" target=\"_blank\"> Benito y de miles de meapilas<\/a> he llegado a la <a href=\"http:\/\/madridvivo.org\/\" target=\"_blank\">Fundaci\u00f3n Madrid Vivo<\/a>. Es una\u00a0instituci\u00f3n\u00a0cuya presidencia de honor recae en el <a href=\"http:\/\/junjan.org\/wordpress\/?s=rouco\" target=\"_blank\">Cardenal Rouco<\/a> y que est\u00e1 compuesta por empresas (de las gordas) y medios de comunicaci\u00f3n (de los de derechas). \u00bfQu\u00e9 es lo que hace esta fundaci\u00f3n?<\/p>\n<blockquote><p>La Fundaci\u00f3n Madrid Vivo es un puente entre la sociedad civil y la Iglesia de Madrid para ayudar a \u00e9sta en aquellas actividades prioritarias de car\u00e1cter social, cultural y educativo que permitan revitalizar los<strong> valores universales<\/strong> en el seno de la sociedad actual.<\/p><\/blockquote>\n<p>Miedo. Me temo que no se refieren a los valores universales que indica la <a href=\"http:\/\/es.wikisource.org\/wiki\/Declaraci%C3%B3n_Universal_de_los_Derechos_Humanos\" target=\"_blank\">declaraci\u00f3n universal de los derechos humanos<\/a>, no,\u00a0 sino a la versi\u00f3n cristianista de los mismos. Viendo <a href=\"http:\/\/www.abcdesevilla.es\/hemeroteca\/historico-12-05-2010\/sevilla\/Opinion\/madrid-vivo_140152545911.html\" target=\"_blank\">lo que dice su secretario general<\/a> se vislumbra inmediatamente la empanada mental que manejan:<\/p>\n<blockquote><p>Iniciativas como \u00abMadrid Vivo\u00bb demuestran que es posible una laicidad que admite fundamentos de valor y los pone al servicio de toda la sociedad, sin imposiciones ni\u00a0confesionalismos. A los ojos sin prejuicios de muchos empresarios, profesionales y hombres de cultura, la Iglesia Cat\u00f3lica en Espa\u00f1a es un proyecto de valor con un enorme beneficio para la sociedad que no s\u00f3lo puede existir sino que debe poder existir si de verdad vivimos en una sociedad democr\u00e1tica y plural.<\/p><\/blockquote>\n<p>A ver si nos aclaramos, puede que estos se\u00f1ores se perdieran la clase de lengua y claro, eso acaba pasando factura. Laicidad significa independencia de la religi\u00f3n. No es laica una Fundaci\u00f3n cuyo objetivo es darle alas a la iglesia cat\u00f3lica y financiar las visitas del Papa. \u00a0Hay que llamar a las cosas por su nombre, son una organizaci\u00f3n cristianista.<\/p>\n<p>&nbsp;<\/p>\n<p>&nbsp;<\/p>\n","protected":false},"excerpt":{"rendered":"<p>Analizando quien pone la mitad del dinero para la cercana visita de Benito y de miles de meapilas he llegado a la Fundaci\u00f3n Madrid Vivo. Es una\u00a0instituci\u00f3n\u00a0cuya presidencia de honor recae en el Cardenal Rouco y que est\u00e1 compuesta por empresas (de las gordas) y medios de comunicaci\u00f3n (de los de derechas). \u00bfQu\u00e9 es lo&hellip;&nbsp;<a href=\"https:\/\/junjan.org\/wordpress\/2011\/06\/valores-universales-cristianistas\/\" rel=\"bookmark\">Leer m\u00e1s &raquo;<span class=\"screen-reader-text\">Valores universales cristianistas<\/span><\/a><\/p>\n","protected":false},"author":1,"featured_media":0,"comment_status":"open","ping_status":"open","sticky":false,"template":"","format":"standard","meta":{"neve_meta_sidebar":"","neve_meta_container":"","neve_meta_enable_content_width":"","neve_meta_content_width":0,"neve_meta_title_alignment":"","neve_meta_author_avatar":"","neve_post_elements_order":"","neve_meta_disable_header":"","neve_meta_disable_footer":"","neve_meta_disable_title":"","footnotes":""},"categories":[5,84],"tags":[803,791,807],"class_list":["post-1695","post","type-post","status-publish","format-standard","hentry","category-actualidad","category-divagaciones","tag-cristianistas","tag-integrismo","tag-madrid-vivo"],"_links":{"self":[{"href":"https:\/\/junjan.org\/wordpress\/wp-json\/wp\/v2\/posts\/1695","targetHints":{"allow":["GET"]}}],"collection":[{"href":"https:\/\/junjan.org\/wordpress\/wp-json\/wp\/v2\/posts"}],"about":[{"href":"https:\/\/junjan.org\/wordpress\/wp-json\/wp\/v2\/types\/post"}],"author":[{"embeddable":true,"href":"https:\/\/junjan.org\/wordpress\/wp-json\/wp\/v2\/users\/1"}],"replies":[{"embeddable":true,"href":"https:\/\/junjan.org\/wordpress\/wp-json\/wp\/v2\/comments?post=1695"}],"version-history":[{"count":3,"href":"https:\/\/junjan.org\/wordpress\/wp-json\/wp\/v2\/posts\/1695\/revisions"}],"predecessor-version":[{"id":1732,"href":"https:\/\/junjan.org\/wordpress\/wp-json\/wp\/v2\/posts\/1695\/revisions\/1732"}],"wp:attachment":[{"href":"https:\/\/junjan.org\/wordpress\/wp-json\/wp\/v2\/media?parent=1695"}],"wp:term":[{"taxonomy":"category","embeddable":true,"href":"https:\/\/junjan.org\/wordpress\/wp-json\/wp\/v2\/categories?post=1695"},{"taxonomy":"post_tag","embeddable":true,"href":"https:\/\/junjan.org\/wordpress\/wp-json\/wp\/v2\/tags?post=1695"}],"curies":[{"name":"wp","href":"https:\/\/api.w.org\/{rel}","templated":true}]}}