{"id":1736,"date":"2011-06-24T19:08:56","date_gmt":"2011-06-24T17:08:56","guid":{"rendered":"http:\/\/junjan.org\/wordpress\/?p=1736"},"modified":"2011-06-24T21:13:54","modified_gmt":"2011-06-24T19:13:54","slug":"recogida-de-firmas-la-visita-del-papa-supone-un-gasto-equivalente-a-los-recortes-en-educacion","status":"publish","type":"post","link":"https:\/\/junjan.org\/wordpress\/2011\/06\/recogida-de-firmas-la-visita-del-papa-supone-un-gasto-equivalente-a-los-recortes-en-educacion\/","title":{"rendered":"Recogida de firmas: la visita del papa supone un gasto equivalente a los recortes en educaci\u00f3n"},"content":{"rendered":"<p>Iniciativa de\u00a0<a title=\"#Acampadasol\" rel=\"home\" href=\"http:\/\/madrid.tomalaplaza.net\/\">#Acampadasol<\/a> que suscribo al 100%. En relaci\u00f3n con mi <a href=\"http:\/\/junjan.org\/wordpress\/2011\/06\/valores-universales-cristianistas\/\" target=\"_blank\">post<\/a> anterior, sus fans\u00a0bien\u00a0lo pod\u00edan financiar en su totalidad sin pedir exenciones fiscales, seguro que el Papa acelerar\u00e1 los papeles para que todos ellos tengan primera fila en el para\u00edso al lado de la paloma&#8230;<\/p>\n<p>Enlace para la descarga de la hoja de firmas: <a href=\"http:\/\/es.scribd.com\/doc\/57580607\/Carta-Firmas-Papa\" target=\"_blank\">http:\/\/es.scribd.com\/doc\/57580607\/Carta-Firmas-Papa<\/a><\/p>\n<p>Para mandar las firmas:\u00a0Apartado de Correos 32.\u00a028522 \u2013 RIVAS VACIAMADRID<\/p>\n<p>Las firmas deber\u00e1n ser enviadas para que lleguen antes del 4 de julio, fecha en la que se entregar\u00e1n en el registro de la Consejer\u00eda de Educaci\u00f3n.<\/p>\n<p>&nbsp;<\/p>\n<blockquote><p>LA VISITA DEL PAPA SUPONE UN GASTO EQUIVALENTE A LOS RECORTES EN EDUCACI\u00d3N DE LA COMUNIDAD AUT\u00d3NOMA DE MADRID<\/p>\n<p>El coste estimado de la visita del Papa durante las pr\u00f3ximas Jornadas Mundiales de la Juventud del 16 al 21 de agosto ser\u00e1 de 50 millones de euros[1], mientras que el recorte en educaci\u00f3n realizado por la Comunidad de Madrid mediante la Ley \u00a04\/2010, de 29 de junio, de Medidas Urgentes, ha sido de 40 millones de euros, seg\u00fan estimaciones de la propia Consejer\u00eda de Educaci\u00f3n.<br \/>\nLa Ley 4\/2010, de 29 de junio, de Medidas Urgentes, supone el golpe m\u00e1s duro a los presupuestos en educaci\u00f3n de la historia reciente. En la pr\u00e1ctica supone la reducci\u00f3n de la plantilla de docentes en m\u00e1s de 2500 puestos, masificaci\u00f3n de las aulas, eliminaci\u00f3n pr\u00e1cticamente generalizada de los desdobles de aula (divisi\u00f3n de las clases en dos para mejorar el proceso de aprendizaje), as\u00ed como de las aulas de enlace, de algunas rutas escolares, etc. \u00a0Al margen de la citada ley, 4.701 alumnos y alumnas se quedaron este curso sin plaza en Formaci\u00f3n Profesional y m\u00e1s de 6000 lo hicieron en especialidades no deseadas. En la etapa de 0 a 3 de Infantil m\u00e1s de 25000 ni\u00f1os y ni\u00f1as se han quedado sin plaza.<br \/>\nSi no hay dinero para educaci\u00f3n, \u00bfpor qu\u00e9 gastar una cantidad mayor en una semana para la celebraci\u00f3n de las Jornadas Mundiales de la Juventud? \u00bfEsta \u201cjuventud\u201d es m\u00e1s importante que la que asiste a nuestros centros educativos?<br \/>\nPor si esto no fuera poco, el Estado, la Comunidad de Madrid y el Ayuntamiento de Madrid han firmado un acuerdo de colaboraci\u00f3n con la Iglesia Cat\u00f3lica, por el cual, entre otras cosas, se ceden los Institutos p\u00fablicos de la Comunidad como lugar de residencia para los asistentes a estas jornadas, ocasionando gastos (personal, electricidad, agua, instalaci\u00f3n de duchas, desperfectos,\u2026) haciendo uso de recursos \u00a0que deben estar destinado exclusivamente a la educaci\u00f3n de la juventud de Madrid.<br \/>\nA las ayudas directas del Estado, la Comunidad Aut\u00f3noma de Madrid y el Ayuntamiento de Madrid, hay que sumar lo que el Estado dejar\u00e1 de ingresar en forma de impuestos, ya que el Gobierno deducir\u00e1 entre un 45% y un 90% de lo que gasten los patrocinadores del evento (Grupo Prisa, Sogecable, Intereconom\u00eda, Vocento, Unidad Editorial, Iberia, FCC, Acciona, Abengoa, Telef\u00f3nica o el Grupo Santander entre otros).<br \/>\nNuestra indignaci\u00f3n no se levanta por la visita del Papa, con la que algunas personas estar\u00e1n de acuerdo y otras no, sino contra la financiaci\u00f3n de dicha visita con el dinero de la ciudadan\u00eda, especialmente en un momento en el que se est\u00e1n recortando numerosos servicios sociales con el argumento de que es necesario disminuir el gasto p\u00fablico.<br \/>\nPor ello, los abajo firmantes demandamos:<br \/>\nQue la Iglesia Cat\u00f3lica financie sus actividades sin que salga para ello ni un euro del dinero p\u00fablico.Que la Iglesia Cat\u00f3lica utilice sus instalaciones y las de todas sus organizaciones (iglesias, colegios, residencias, etc.) como alojamiento para sus simpatizantes y no los centros de educaci\u00f3n p\u00fablica.Q ue el Estado no deje de ingresar ni un euro por deducciones de las empresas patrocinadoras del evento.<\/p>\n<p>Para la estimaci\u00f3n de la cifra de al menos 50 millones de gasto p\u00fablico en relaci\u00f3n a \u00a0la visita del Papa y las Jornadas Mundiales de la Juventud nos basamos en varias fuentes, s\u00f3lo destacamos tres:<\/p>\n<p>(1) Las declaraciones del gerente de la Conferencia Episcopal y responsable de Econom\u00eda de la JMJ, Fernando Gim\u00e9nez, seg\u00fan cual el presupuesto estar\u00e1 entre lo gastado en la JMJ de Roma 2000 (54 millones) y la de Sidney 2008 (47 millones). Fuente: diario P\u00fablico 02\/10\/2010.<\/p>\n<p>(2) La cifra de al menos 11 millones que gast\u00f3 Canal 9 (canal auton\u00f3mico valenciano que funciona con dinero p\u00fablico) para cubrir la visita del Papa a Valencia en 2006. Cifra conocida solo por la petici\u00f3n de un juez del TSJM en relaci\u00f3n al \u00a0\u2019caso G\u00fcrtel\u2019. Fuente diario El Pa\u00eds y La Vanguardia, ambos el 09\/04\/2010.<\/p>\n<p>(3) Que el dinero que las empresas patrocinadoras (Prisa, Vocento, Intereconom\u00eda y Unidad Editorial) inviertan en este evento tendr\u00e1 como consecuencia una p\u00e9rdida de ingreso de dinero p\u00fablico de entre el 45% y el 90% del total, pues recibir\u00e1n extraordinarios beneficios fiscales, al ser considerado Acontecimiento de Especial Inter\u00e9s P\u00fablico por el Gobierno. Fuente diario P\u00fablico 02\/10\/2010.<\/p><\/blockquote>\n<p>&nbsp;<\/p>\n<p>&nbsp;<\/p>\n","protected":false},"excerpt":{"rendered":"<p>Iniciativa de\u00a0#Acampadasol que suscribo al 100%. En relaci\u00f3n con mi post anterior, sus fans\u00a0bien\u00a0lo pod\u00edan financiar en su totalidad sin pedir exenciones fiscales, seguro que el Papa acelerar\u00e1 los papeles para que todos ellos tengan primera fila en el para\u00edso al lado de la paloma&#8230; Enlace para la descarga de la hoja de firmas: http:\/\/es.scribd.com\/doc\/57580607\/Carta-Firmas-Papa&hellip;&nbsp;<a href=\"https:\/\/junjan.org\/wordpress\/2011\/06\/recogida-de-firmas-la-visita-del-papa-supone-un-gasto-equivalente-a-los-recortes-en-educacion\/\" rel=\"bookmark\">Leer m\u00e1s &raquo;<span class=\"screen-reader-text\">Recogida de firmas: la visita del papa supone un gasto equivalente a los recortes en educaci\u00f3n<\/span><\/a><\/p>\n","protected":false},"author":1,"featured_media":0,"comment_status":"open","ping_status":"open","sticky":false,"template":"","format":"standard","meta":{"neve_meta_sidebar":"","neve_meta_container":"","neve_meta_enable_content_width":"","neve_meta_content_width":0,"neve_meta_title_alignment":"","neve_meta_author_avatar":"","neve_post_elements_order":"","neve_meta_disable_header":"","neve_meta_disable_footer":"","neve_meta_disable_title":"","footnotes":""},"categories":[5],"tags":[809,705,801,490,808],"class_list":["post-1736","post","type-post","status-publish","format-standard","hentry","category-actualidad","tag-acampadasol","tag-crisis","tag-educacion","tag-iglesia","tag-papa"],"_links":{"self":[{"href":"https:\/\/junjan.org\/wordpress\/wp-json\/wp\/v2\/posts\/1736","targetHints":{"allow":["GET"]}}],"collection":[{"href":"https:\/\/junjan.org\/wordpress\/wp-json\/wp\/v2\/posts"}],"about":[{"href":"https:\/\/junjan.org\/wordpress\/wp-json\/wp\/v2\/types\/post"}],"author":[{"embeddable":true,"href":"https:\/\/junjan.org\/wordpress\/wp-json\/wp\/v2\/users\/1"}],"replies":[{"embeddable":true,"href":"https:\/\/junjan.org\/wordpress\/wp-json\/wp\/v2\/comments?post=1736"}],"version-history":[{"count":5,"href":"https:\/\/junjan.org\/wordpress\/wp-json\/wp\/v2\/posts\/1736\/revisions"}],"predecessor-version":[{"id":1739,"href":"https:\/\/junjan.org\/wordpress\/wp-json\/wp\/v2\/posts\/1736\/revisions\/1739"}],"wp:attachment":[{"href":"https:\/\/junjan.org\/wordpress\/wp-json\/wp\/v2\/media?parent=1736"}],"wp:term":[{"taxonomy":"category","embeddable":true,"href":"https:\/\/junjan.org\/wordpress\/wp-json\/wp\/v2\/categories?post=1736"},{"taxonomy":"post_tag","embeddable":true,"href":"https:\/\/junjan.org\/wordpress\/wp-json\/wp\/v2\/tags?post=1736"}],"curies":[{"name":"wp","href":"https:\/\/api.w.org\/{rel}","templated":true}]}}