{"id":1787,"date":"2011-07-15T18:21:54","date_gmt":"2011-07-15T16:21:54","guid":{"rendered":"http:\/\/junjan.org\/wordpress\/?p=1787"},"modified":"2011-07-15T18:21:54","modified_gmt":"2011-07-15T16:21:54","slug":"muerte-digna","status":"publish","type":"post","link":"https:\/\/junjan.org\/wordpress\/2011\/07\/muerte-digna\/","title":{"rendered":"Muerte digna"},"content":{"rendered":"<p>Uno de los puntos negros de la asistencia hospitalaria son los enfermos terminales.\u00a0En muchos hospitales no existen unidades de <a href=\"http:\/\/www.eutanasia.ws\/cuidados_paliativos.html\" target=\"_blank\">cuidados paliativos<\/a> y los m\u00e9dicos de las distintas especialidades suelen ser poco receptivos ante las necesidades de un enfermo terminal. Por desgracia, yo ya es la segunda vez que tengo un familiar enfermo terminal de c\u00e1ncer, y dada la ausencia de una ley que regule la <a href=\"http:\/\/www.eutanasia.ws\/eutanasia_suicido.html\" target=\"_blank\">eutanasia<\/a>, la muerte no es para nada digna. Aunque la sensibilidad de los m\u00e9dicos fue muy diferente en ambos casos, el resultado final es el mismo, una vez asumida la condici\u00f3n de enfermo terminal, sin posible tratamiento, los enfermos son tratados contra el dolor (con mayor o menor disposici\u00f3n) y tienen que pasar por todas las fases hasta morirse. Los familiares tienen que asistir a toda la degradaci\u00f3n que supone la muerte por c\u00e1ncer, d\u00edas de creciente debilidad, desorientaci\u00f3n, p\u00e9rdida de control, dificultad respiratoria, edema generalizado y otras muchas lindezas, hasta morir hechos un seres irreconocibles.<\/p>\n<p>Lo mejor es cuando\u00a0insin\u00faas\u00a0a un m\u00e9dico que est\u00e1 alargando la agon\u00eda innecesariamente y sugieres que aumente la dosis de barbit\u00faricos y te responden con un \u00abeso es ilegal\u00bb, mientras justifica el tratamiento del edema pulmonar y fallo card\u00edaco con nitroglicerina sin pesta\u00f1ear. \u00bfNo deber\u00eda ser el ensa\u00f1amiento terap\u00e9utico\u00a0tambi\u00e9n\u00a0ilegal?<\/p>\n<p>\u00bfPor qu\u00e9 se permite esto? \u00bfQu\u00e9 sentido tiene? Ninguno.<\/p>\n<p>Dudo mucho que la nueva ley de \u00ab<a href=\"http:\/\/www.elpais.com\/articulo\/sociedad\/ley\/muerte\/digna\/consagra\/derecho\/morir\/habitacion\/individual\/elpepusoc\/20110513elpepusoc_1\/Tes\" target=\"_blank\">Cuidados Paliativos y Muerte digna<\/a>\u00bb mejore el tema,\u00a0mientras no se regule\u00a0espec\u00edficamente\u00a0la eutanasia, solo ser\u00e1n mejoras cosm\u00e9ticas.<\/p>\n<p>&nbsp;<\/p>\n","protected":false},"excerpt":{"rendered":"<p>Uno de los puntos negros de la asistencia hospitalaria son los enfermos terminales.\u00a0En muchos hospitales no existen unidades de cuidados paliativos y los m\u00e9dicos de las distintas especialidades suelen ser poco receptivos ante las necesidades de un enfermo terminal. Por desgracia, yo ya es la segunda vez que tengo un familiar enfermo terminal de c\u00e1ncer,&hellip;&nbsp;<a href=\"https:\/\/junjan.org\/wordpress\/2011\/07\/muerte-digna\/\" rel=\"bookmark\">Leer m\u00e1s &raquo;<span class=\"screen-reader-text\">Muerte digna<\/span><\/a><\/p>\n","protected":false},"author":1,"featured_media":0,"comment_status":"open","ping_status":"open","sticky":false,"template":"","format":"standard","meta":{"neve_meta_sidebar":"","neve_meta_container":"","neve_meta_enable_content_width":"","neve_meta_content_width":0,"neve_meta_title_alignment":"","neve_meta_author_avatar":"","neve_post_elements_order":"","neve_meta_disable_header":"","neve_meta_disable_footer":"","neve_meta_disable_title":"","footnotes":""},"categories":[28,84],"tags":[491,815,576,821],"class_list":["post-1787","post","type-post","status-publish","format-standard","hentry","category-derechos","category-divagaciones","tag-eutanasia","tag-hospitales","tag-medicina","tag-muerte-digna"],"_links":{"self":[{"href":"https:\/\/junjan.org\/wordpress\/wp-json\/wp\/v2\/posts\/1787","targetHints":{"allow":["GET"]}}],"collection":[{"href":"https:\/\/junjan.org\/wordpress\/wp-json\/wp\/v2\/posts"}],"about":[{"href":"https:\/\/junjan.org\/wordpress\/wp-json\/wp\/v2\/types\/post"}],"author":[{"embeddable":true,"href":"https:\/\/junjan.org\/wordpress\/wp-json\/wp\/v2\/users\/1"}],"replies":[{"embeddable":true,"href":"https:\/\/junjan.org\/wordpress\/wp-json\/wp\/v2\/comments?post=1787"}],"version-history":[{"count":2,"href":"https:\/\/junjan.org\/wordpress\/wp-json\/wp\/v2\/posts\/1787\/revisions"}],"predecessor-version":[{"id":1789,"href":"https:\/\/junjan.org\/wordpress\/wp-json\/wp\/v2\/posts\/1787\/revisions\/1789"}],"wp:attachment":[{"href":"https:\/\/junjan.org\/wordpress\/wp-json\/wp\/v2\/media?parent=1787"}],"wp:term":[{"taxonomy":"category","embeddable":true,"href":"https:\/\/junjan.org\/wordpress\/wp-json\/wp\/v2\/categories?post=1787"},{"taxonomy":"post_tag","embeddable":true,"href":"https:\/\/junjan.org\/wordpress\/wp-json\/wp\/v2\/tags?post=1787"}],"curies":[{"name":"wp","href":"https:\/\/api.w.org\/{rel}","templated":true}]}}