{"id":1818,"date":"2011-08-20T02:09:16","date_gmt":"2011-08-20T00:09:16","guid":{"rendered":"http:\/\/junjan.org\/wordpress\/?p=1818"},"modified":"2011-08-20T16:34:15","modified_gmt":"2011-08-20T14:34:15","slug":"papa-ruchas","status":"publish","type":"post","link":"https:\/\/junjan.org\/wordpress\/2011\/08\/papa-ruchas\/","title":{"rendered":"Papa-rruchas"},"content":{"rendered":"<p>El gasto p\u00fablico en la visita del Papa Benito parece cada vez mayor si se tienen en cuenta la innumerable cantidad de estupideces que escupe por su boca, con la agravante de que cientos de miles de idiotas le escuchan e incluso aplauden y la mayor agravante de que los medios de comunicaci\u00f3n se empe\u00f1an en retrasmitirlas y analizarlas.<\/p>\n<p>En su <a href=\"http:\/\/www.conferenciaepiscopal.es\/index.php\/encuentro-con-profesores-universitarios-jovenes.html\">discurso antes j\u00f3venes profesores universitarios cat\u00f3licos<\/a>, el Papa:<\/p>\n<blockquote><p>Esperaba con ilusi\u00f3n este encuentro con vosotros, j\u00f3venes profesores de las universidades espa\u00f1olas, que prest\u00e1is\u00a0una espl\u00e9ndida colaboraci\u00f3n en la difusi\u00f3n de la verdad, en circunstancias no siempre f\u00e1ciles.<\/p><\/blockquote>\n<p>Se supone que las\u00a0circunstancias\u00a0no son propicias ya que en la Universidad moderna, aunque sea del Opus, la completa idiotez del ideario b\u00edblico no puede ser desplegada salvo en las clases de teolog\u00eda. A\u00f1ora el Papa las Universidades cat\u00f3licas del pasado remoto donde el conocimiento era s\u00f3lo era un objetivo secundario, siendo la religi\u00f3n\/Dios\/el reclutamiento para los seminarios, el principal. Sin esa ayuda para buscar sangre fresca, la iglesia, y Benito como su CEO, se ve obligado a organizar masivas operaciones de turismo \u00ablow cost\u00bb para atraer a descerebrados j\u00f3venes de todo el orbe. Eso si, como la iglesia siempre ha sacado\u00a0sobresaliente en las clases de econom\u00eda dom\u00e9stica, se las han apa\u00f1ado para que los gobiernos de Espa\u00f1a y de la comunidad de Madrid le financien gran parte de los gastos, proporcionen alojamiento y transporte cuasi-gratuitos\u00a0para las legiones de meapilas, suministren diligentes servicios de seguridad que amedrenten a la mayor\u00eda laica y recuerden los principios de la inquisici\u00f3n a algunas <a href=\"http:\/\/periodismohumano.com\/sociedad\/libertad-y-justicia\/policia-apalea-a-fotoperiodista-testigo-de-la-agresion-por-sorpresa-a-una-joven.html\">almas descarriadas<\/a>. \u00a0Sin duda, una operaci\u00f3n redonda de consumismo religioso y marketing empresarial de altos vuelos.<\/p>\n<p>Lo peor de todo es que ese gobierno descafeinado que sufrimos, que ha olvidado sus promesas electorales:<\/p>\n<blockquote><p>Por ello, el PSOE promocionar\u00e1 activamente la\u00a0separaci\u00f3n entre Iglesia y Estado, y la neutralidad del Estado hacia las creencias, religiosas o no, de sus ciudadanos. Sin que la cooperaci\u00f3n con las confesiones religiosas\u00a0derive en f\u00f3rmulas confesionales o la falta de cooperaci\u00f3n en discriminaci\u00f3n negativa\u00a0de lo religioso. Con ese compromiso, abordar\u00e1 las siguientes pol\u00edticas y actuaciones:<\/p>\n<p>&nbsp;<\/p>\n<p>&#8211; La modificaci\u00f3n del C\u00f3digo Penal en lo relativo a la libertad de conciencia,\u00a0equiparando la protecci\u00f3n de todas las convicciones, con independencia de su\u00a0car\u00e1cter religioso o no.<\/p>\n<p>&nbsp;<\/p>\n<p>&#8211; En el impulso de la participaci\u00f3n en las pol\u00edticas de integraci\u00f3n y cohesi\u00f3n\u00a0social as\u00ed como en los programas de desarrollo de la Alianza de Civilizaciones,\u00a0se incorporar\u00e1 tambi\u00e9n a las confesiones religiosas.<\/p>\n<p>&nbsp;<\/p>\n<p>&#8211; El PSOE promover\u00e1, transcurridos treinta a\u00f1os de vigencia de la Ley Org\u00e1nica\u00a0de Libertad Religiosa, una reflexi\u00f3n orientada, en su caso, y con amplio consenso, a valorar la posible modificaci\u00f3n de aquellos aspectos de la norma para la\u00a0mejor garant\u00eda de la libertad y el pluralismo religioso en la Espa\u00f1a del futuro, as\u00ed\u00a0como de la aconfesionalidad y laicidad del Estado y la no discriminaci\u00f3n por\u00a0raz\u00f3n de creencias, de acuerdo con los valores y principios constitucionales.<\/p>\n<p>&nbsp;<\/p>\n<p>&#8211; Los socialistas valoramos la contribuci\u00f3n de las confesiones a la deliberaci\u00f3n\u00a0p\u00fablica en las sociedades democr\u00e1ticas, a su desarrollo \u00e9tico y cultural, pero\u00a0dicha contribuci\u00f3n debe entenderse siempre subordinada a la soberan\u00eda de las\u00a0instituciones democr\u00e1ticas, al imperio de la ley y, en definitiva, a la voluntad ciudadana mayoritaria. (Programa Electoral PSOE 2008 p\u00e1gina 232).<\/p><\/blockquote>\n<p>Si, ya veo.<\/p>\n","protected":false},"excerpt":{"rendered":"<p>El gasto p\u00fablico en la visita del Papa Benito parece cada vez mayor si se tienen en cuenta la innumerable cantidad de estupideces que escupe por su boca, con la agravante de que cientos de miles de idiotas le escuchan e incluso aplauden y la mayor agravante de que los medios de comunicaci\u00f3n se empe\u00f1an&hellip;&nbsp;<a href=\"https:\/\/junjan.org\/wordpress\/2011\/08\/papa-ruchas\/\" rel=\"bookmark\">Leer m\u00e1s &raquo;<span class=\"screen-reader-text\">Papa-rruchas<\/span><\/a><\/p>\n","protected":false},"author":1,"featured_media":0,"comment_status":"open","ping_status":"open","sticky":false,"template":"","format":"standard","meta":{"neve_meta_sidebar":"","neve_meta_container":"","neve_meta_enable_content_width":"","neve_meta_content_width":0,"neve_meta_title_alignment":"","neve_meta_author_avatar":"","neve_post_elements_order":"","neve_meta_disable_header":"","neve_meta_disable_footer":"","neve_meta_disable_title":"","footnotes":""},"categories":[84],"tags":[803,825,826,484],"class_list":["post-1818","post","type-post","status-publish","format-standard","hentry","category-divagaciones","tag-cristianistas","tag-estado","tag-jmj2011","tag-religion"],"_links":{"self":[{"href":"https:\/\/junjan.org\/wordpress\/wp-json\/wp\/v2\/posts\/1818","targetHints":{"allow":["GET"]}}],"collection":[{"href":"https:\/\/junjan.org\/wordpress\/wp-json\/wp\/v2\/posts"}],"about":[{"href":"https:\/\/junjan.org\/wordpress\/wp-json\/wp\/v2\/types\/post"}],"author":[{"embeddable":true,"href":"https:\/\/junjan.org\/wordpress\/wp-json\/wp\/v2\/users\/1"}],"replies":[{"embeddable":true,"href":"https:\/\/junjan.org\/wordpress\/wp-json\/wp\/v2\/comments?post=1818"}],"version-history":[{"count":5,"href":"https:\/\/junjan.org\/wordpress\/wp-json\/wp\/v2\/posts\/1818\/revisions"}],"predecessor-version":[{"id":1821,"href":"https:\/\/junjan.org\/wordpress\/wp-json\/wp\/v2\/posts\/1818\/revisions\/1821"}],"wp:attachment":[{"href":"https:\/\/junjan.org\/wordpress\/wp-json\/wp\/v2\/media?parent=1818"}],"wp:term":[{"taxonomy":"category","embeddable":true,"href":"https:\/\/junjan.org\/wordpress\/wp-json\/wp\/v2\/categories?post=1818"},{"taxonomy":"post_tag","embeddable":true,"href":"https:\/\/junjan.org\/wordpress\/wp-json\/wp\/v2\/tags?post=1818"}],"curies":[{"name":"wp","href":"https:\/\/api.w.org\/{rel}","templated":true}]}}