{"id":182,"date":"2004-06-27T01:47:42","date_gmt":"2004-06-27T01:47:42","guid":{"rendered":"http:\/\/junjan.org\/wordpress\/?p=182"},"modified":"2004-06-27T01:47:42","modified_gmt":"2004-06-27T01:47:42","slug":"censura_real","status":"publish","type":"post","link":"https:\/\/junjan.org\/wordpress\/2004\/06\/censura_real\/","title":{"rendered":"\u00bfCensura \u00abReal\u00bb?"},"content":{"rendered":"<p>El \u00abgesto\u00bb:http:\/\/www.junjan.org\/weblog\/archives\/2004\/06\/25\/no_est_acostumbrado.html del Rey mandando a \u00abtomar por el culo\u00bb a las personas que le increpaban en Vitoria, brilla por su ausencia en los medios informativos.<br \/>\nImaginaros que cualquier representante pol\u00edtico (por ejemplo Zapatero, Rajoy o similar) hubiera hecho lo mismo. Fuera o no verdad, habr\u00eda salido hasta en la sopa, pero siendo el Rey, el asunto pasa desapercibido, y cuando se habla de ello se usan eufemismos de lo m\u00e1s graciosos. Dicen (los que osan decir algo) \u00absaludo malinterpretado\u00bb, \u00abins\u00f3lito gesto\u00bb, \u00abexhibi\u00f3 el dedo\u00bb, etc.<br \/>\n\u00bfDeferencia o censura? En mi opini\u00f3n censura. Hace pensar. \u00bfQu\u00e9 cantidad de noticias sobre la casa real habr\u00e1n sido censuradas? \u00bfCuanta informaci\u00f3n ser\u00e1 verdadera?<br \/>\nPero m\u00e1s que esto lo que me asombra es, \u00bfPor qu\u00e9? La monarqu\u00eda, si fue necesaria en la transici\u00f3n, cosa que discrepo, ha dejado de tener cualquier papel significante hace muchos a\u00f1os. Entonces, \u00bfcual es la raz\u00f3n para tanto secretismo y censura? \u00bfEs tanto el poder de los c\u00edrculos mon\u00e1rquicos o juancarlistas?<\/p>\n","protected":false},"excerpt":{"rendered":"<p>El \u00abgesto\u00bb:http:\/\/www.junjan.org\/weblog\/archives\/2004\/06\/25\/no_est_acostumbrado.html del Rey mandando a \u00abtomar por el culo\u00bb a las personas que le increpaban en Vitoria, brilla por su ausencia en los medios informativos. Imaginaros que cualquier representante pol\u00edtico (por ejemplo Zapatero, Rajoy o similar) hubiera hecho lo mismo. Fuera o no verdad, habr\u00eda salido hasta en la sopa, pero siendo el Rey,&hellip;&nbsp;<a href=\"https:\/\/junjan.org\/wordpress\/2004\/06\/censura_real\/\" rel=\"bookmark\">Leer m\u00e1s &raquo;<span class=\"screen-reader-text\">\u00bfCensura \u00abReal\u00bb?<\/span><\/a><\/p>\n","protected":false},"author":1,"featured_media":0,"comment_status":"open","ping_status":"open","sticky":false,"template":"","format":"standard","meta":{"neve_meta_sidebar":"","neve_meta_container":"","neve_meta_enable_content_width":"","neve_meta_content_width":0,"neve_meta_title_alignment":"","neve_meta_author_avatar":"","neve_post_elements_order":"","neve_meta_disable_header":"","neve_meta_disable_footer":"","neve_meta_disable_title":"","footnotes":""},"categories":[9],"tags":[],"class_list":["post-182","post","type-post","status-publish","format-standard","hentry","category-opinion"],"_links":{"self":[{"href":"https:\/\/junjan.org\/wordpress\/wp-json\/wp\/v2\/posts\/182","targetHints":{"allow":["GET"]}}],"collection":[{"href":"https:\/\/junjan.org\/wordpress\/wp-json\/wp\/v2\/posts"}],"about":[{"href":"https:\/\/junjan.org\/wordpress\/wp-json\/wp\/v2\/types\/post"}],"author":[{"embeddable":true,"href":"https:\/\/junjan.org\/wordpress\/wp-json\/wp\/v2\/users\/1"}],"replies":[{"embeddable":true,"href":"https:\/\/junjan.org\/wordpress\/wp-json\/wp\/v2\/comments?post=182"}],"version-history":[{"count":0,"href":"https:\/\/junjan.org\/wordpress\/wp-json\/wp\/v2\/posts\/182\/revisions"}],"wp:attachment":[{"href":"https:\/\/junjan.org\/wordpress\/wp-json\/wp\/v2\/media?parent=182"}],"wp:term":[{"taxonomy":"category","embeddable":true,"href":"https:\/\/junjan.org\/wordpress\/wp-json\/wp\/v2\/categories?post=182"},{"taxonomy":"post_tag","embeddable":true,"href":"https:\/\/junjan.org\/wordpress\/wp-json\/wp\/v2\/tags?post=182"}],"curies":[{"name":"wp","href":"https:\/\/api.w.org\/{rel}","templated":true}]}}