{"id":1893,"date":"2011-11-08T00:16:04","date_gmt":"2011-11-07T23:16:04","guid":{"rendered":"http:\/\/junjan.org\/wordpress\/?p=1893"},"modified":"2011-11-08T00:45:23","modified_gmt":"2011-11-07T23:45:23","slug":"debate-a-rajoy-se-le-ve-el-plumero","status":"publish","type":"post","link":"https:\/\/junjan.org\/wordpress\/2011\/11\/debate-a-rajoy-se-le-ve-el-plumero\/","title":{"rendered":"Debate: a Rajoy se le ve el plumero"},"content":{"rendered":"<p>Tras un debate electoral bif\u00e1sico, monol\u00edtico y medido donde s\u00f3lo los candidatos del PPSOE paracen existir y el resto de sensibilidades pol\u00edticas se han ocultado, lo \u00fanico que queda claro es un regusto anacr\u00f3nico en el formato y el medio. Se ve que han pactado el mil\u00edmetro los temas a hablar y han obviado temas esenciales como la corrupci\u00f3n pol\u00edtica y la financiaci\u00f3n sumergida de los partidos, origen de la burbuja inmobiliaria y n\u00facleo de nuestra galopante crisis; nada de medio ambiente, nada de nucleares. Rubalcaba ha conseguido plantar el mensaje en los televidentes de que Rajoy va a meter la cortacesped en la sanidad, la educaci\u00f3n, el estado del bienestar y los derechos sociales, cosa que ya sabemos porque lo aplican a rajatabla en sus comunidades aut\u00f3nomas, y Rajoy no ha conseguido contrarestar ese mensaje. En cuanto a Rajoy, me recuerda un personaje de ciencia ficci\u00f3n (de una novela cuyo autor he olvidado) cuyo discurso era analizado por una novedosa maquinaria que traduc\u00eda la oratoria en mensajes claros y que descubr\u00eda tras horas de diatriba que el mensaje no exist\u00eda, era cero, nada.<\/p>\n<p>Lo \u00fanico que me queda claro tras este debate es que hay que cambiar el sistema electoral espa\u00f1ol a toda costa para permitir que los partidos minoritarios obtengan un n\u00famero de esca\u00f1os proporcional a su n\u00famero de votos y que reduzca, o a ser posible elimine, este bipartidismo est\u00e9ril en el que vivimos.<\/p>\n<p>Acabar recordando un post de hace <a href=\"http:\/\/junjan.org\/wordpress\/2004\/03\/digno_sucesor\/\">siete a\u00f1os<\/a> donde publicaba unos fragmentos de un art\u00edculos que public\u00f3 el candidato Rajoy cuando era joven y cuyas opiniones creo que debe mantener a pies juntillas:<\/p>\n<blockquote><p>\u00abRecientemente, Luis Moure Mari\u00f1o ha publicado un excelente libro sobre la igualdad humana que paradojicamente lleva por titulo \u00abLa desigualdad humana\u00bb. Y tal vez por ser un libro \u00abdesigual\u00bb y no sumarse al coro general, no ha tenido en lo que ahora llaman \u00abmedios intelectuales\u00bb el eco que merece. Creo que estamos ante uno de los libros mas importantes que se han escrito en Espa\u00f1a en los ultimos a\u00f1os. Constituye una prueba irrefutable de la falsedad de la afirmacion de que todos los hombres son iguales, de las doctrinas basadas en la misma y por ende de las normas que son consecuencia de ellas. Ya en epocas remotas -existen en este sentido textos del siglo VI antes de Jesucristo- se afirmaba como verdad indiscutible, que la estirpe determina al hombre, tanto en lo fisico como en lo psiquico. Y estos conocimientos que el hombre tenia intuitivamente -era un hecho objetivo que los hijos de \u00abbuena estirpe\u00bb, superaban a los demas- han sido confirmados mas adelante por la ciencia: desde que Mendel formulara sus famosas \u00abLeyes\u00bb nadie pone ya en tela de juicio que el hombre es esencialmente desigual, no solo desde el momento del nacimiento sino desde el propio de la fecundaci\u00f3n. El Faro de Vigo 7 de julio de 1984&#8243;<\/p><\/blockquote>\n","protected":false},"excerpt":{"rendered":"<p>Tras un debate electoral bif\u00e1sico, monol\u00edtico y medido donde s\u00f3lo los candidatos del PPSOE paracen existir y el resto de sensibilidades pol\u00edticas se han ocultado, lo \u00fanico que queda claro es un regusto anacr\u00f3nico en el formato y el medio. Se ve que han pactado el mil\u00edmetro los temas a hablar y han obviado temas&hellip;&nbsp;<a href=\"https:\/\/junjan.org\/wordpress\/2011\/11\/debate-a-rajoy-se-le-ve-el-plumero\/\" rel=\"bookmark\">Leer m\u00e1s &raquo;<span class=\"screen-reader-text\">Debate: a Rajoy se le ve el plumero<\/span><\/a><\/p>\n","protected":false},"author":1,"featured_media":0,"comment_status":"open","ping_status":"open","sticky":false,"template":"","format":"standard","meta":{"neve_meta_sidebar":"","neve_meta_container":"","neve_meta_enable_content_width":"","neve_meta_content_width":0,"neve_meta_title_alignment":"","neve_meta_author_avatar":"","neve_post_elements_order":"","neve_meta_disable_header":"","neve_meta_disable_footer":"","neve_meta_disable_title":"","footnotes":""},"categories":[5],"tags":[832,831,648,100],"class_list":["post-1893","post","type-post","status-publish","format-standard","hentry","category-actualidad","tag-bipartidismo","tag-elecciones-2011","tag-rajoy","tag-rubalcaba"],"_links":{"self":[{"href":"https:\/\/junjan.org\/wordpress\/wp-json\/wp\/v2\/posts\/1893","targetHints":{"allow":["GET"]}}],"collection":[{"href":"https:\/\/junjan.org\/wordpress\/wp-json\/wp\/v2\/posts"}],"about":[{"href":"https:\/\/junjan.org\/wordpress\/wp-json\/wp\/v2\/types\/post"}],"author":[{"embeddable":true,"href":"https:\/\/junjan.org\/wordpress\/wp-json\/wp\/v2\/users\/1"}],"replies":[{"embeddable":true,"href":"https:\/\/junjan.org\/wordpress\/wp-json\/wp\/v2\/comments?post=1893"}],"version-history":[{"count":6,"href":"https:\/\/junjan.org\/wordpress\/wp-json\/wp\/v2\/posts\/1893\/revisions"}],"predecessor-version":[{"id":1897,"href":"https:\/\/junjan.org\/wordpress\/wp-json\/wp\/v2\/posts\/1893\/revisions\/1897"}],"wp:attachment":[{"href":"https:\/\/junjan.org\/wordpress\/wp-json\/wp\/v2\/media?parent=1893"}],"wp:term":[{"taxonomy":"category","embeddable":true,"href":"https:\/\/junjan.org\/wordpress\/wp-json\/wp\/v2\/categories?post=1893"},{"taxonomy":"post_tag","embeddable":true,"href":"https:\/\/junjan.org\/wordpress\/wp-json\/wp\/v2\/tags?post=1893"}],"curies":[{"name":"wp","href":"https:\/\/api.w.org\/{rel}","templated":true}]}}