{"id":191,"date":"2004-07-01T14:30:13","date_gmt":"2004-07-01T14:30:13","guid":{"rendered":"http:\/\/junjan.org\/wordpress\/?p=191"},"modified":"2004-07-01T14:30:13","modified_gmt":"2004-07-01T14:30:13","slug":"europa_social","status":"publish","type":"post","link":"https:\/\/junjan.org\/wordpress\/2004\/07\/europa_social\/","title":{"rendered":"Europa Social"},"content":{"rendered":"<p>Leyendo el art\u00edculo \u00ab[\u00abEuropa S.A.\u00bb:http:\/\/www.lainsignia.org\/2004\/julio\/econ_001.htm]\u00bb de Joaqu\u00edn Arriola en \u00abLa Insignia\u00bb, me he enterado de la interesante iniciativa \u00ab[\u00abUni\u00f3n por la Europa Social\u00bb:http:\/\/www.europesociale.com\/]\u00bb, de un grupo de socialistas franceses. Este grupo propone que la futura Constituci\u00f3n Europea contemple que el \u00abdesarrollo de la Europa social\u00bb debe tener el mismo nivel que la Europa de los equilibrios presupuestarios.<br \/>\nPare ello redactaron una \u00abPetici\u00f3n por un verdadero tratado de la Europa social\u00bb que incluyo completa a continuaci\u00f3n:<\/p>\n<p><!--more--><br \/>\n**Petici\u00f3n por un verdadero tratado de la Europa social**<br \/>\nNosotros, ciudadanos de Europa, convencidos de la necesidad y urgencia de construir una Europa fuerte, que afirme alto y claro la dignidad del hombre en una \u00e9poca en la que parece con frecuencia olvidada, demandamos a nuestros gobernantes que completen los textos constitucionales en proceso de negociaci\u00f3n con un verdadero Tratado de la Europa social sobre el modelo del texto adjunto.<br \/>\nProyecto de Tratado de la Europa social<br \/>\nEste texto debe insertarse en la Parte III (Las pol\u00edticas y el funcionamiento de la Uni\u00f3n)- Constituye el T\u00edtulo III.<br \/>\nNosotros, Pueblos unidos de Europa, no podemos aceptar por m\u00e1s tiempo que la precariedad, la pobreza y la exclusi\u00f3n rebajen nuestra cohesi\u00f3n social y los fundamentos mismos de nuestras democracias. La historia de nuestro continente ha mostrado que la injusticia social puede provocar estragos considerables y puede incluso dar lugar a \u00e9pocas de horror. Se dice que \u00ablas mismas causas producen los mismos efectos\u00bb&#8230; Nosotros rechazamos que nuestros hijos sean condenados a vivir en una sociedad de la precariedad. Nosotros no queremos que nuestros hijos conozcan el horror, sea en nuestro territorio o en otro lugar del planeta.<br \/>\nArt\u00edculo I &#8211; En nombre de la dignidad humana, en nombre de los valores que animaban a aquellos que durante el siglo pasado decidieron construir la paz, juntos decidimos hacer todo lo posible para construir una sociedad de bienestar, una sociedad de felicidad personal y de cohesi\u00f3n social. Nos damos diez a\u00f1os para lograr estos cinco objetivos:<br \/>\n1\u00b0 un empleo para todos: una tasa de paro inferior a 5%;<br \/>\n2\u00b0 una sociedad solidaria: una tasa de pobreza inferior a 5%;<br \/>\n3\u00b0 un techo para cada uno : una tasa de alojamientos inadecuados \u00e0 3%;<br \/>\n4\u00b0 la igualdad de oportunidades : una tasa de analfabetismo a la edad de 10 a\u00f1os inferior a 3%;<br \/>\n5\u00b0 solidadridad con los puebos del Sur: una ayuda p\u00fablica al desarrollo superior al 1% del PIB. A los Estados que no satisfagan estos criterios sociales en 2015 se les aplicar\u00e1n sanciones comparables a las destinadas a los pa\u00edses que no respetan los criterios de Maastricht .<br \/>\nArt\u00edculo II &#8211; Para facilitar el logro de este objetivo de cohesi\u00f3n social, la pol\u00edtica aplicada por el Banco central europeo persigue un doble objetivo: luchar contra la inflaci\u00f3n y sostener el crecimiento. Estos dos objetivos tienen la misma importancia. A fin de asegurar la mejor coordinaci\u00f3n posible entre la pol\u00edtica monetaria y las otras dimensiones de un paquete de medidas favorable a la cohesi\u00f3n social, una ley marco definir\u00e1 las modalidades de di\u00e1logo de el BCE y de la Comisi\u00f3n.<br \/>\nArt\u00edculo III &#8211; La regla de mayor\u00eda cualificada se aplica a las decisiones que tengan por objeto la armonizaci\u00f3n de las fiscalidades.<br \/>\nArt\u00edculo IV &#8211; La construcci\u00f3n de la Uni\u00f3n no se puede hacer solo por medio del mercado. El inter\u00e9s general no puede ser la suma de los intereses privados que expresa el mercado. El largo plazo, el desarrollo sostenible, el respeto a los derechos fundamentales como la cohesi\u00f3n de los territorios no pueden ser asegurados de forma duradera por las reglas de la competencia. Por ello la Uni\u00f3n reconoce, en igualdad con el principio de competencia, el principio del inter\u00e9s general y la utilidad de los servicios p\u00fablicos. La Uni\u00f3n vigila el respeto del principio de igualdad en el acceso a los servicios de inter\u00e9s general para todos los ciudadanos y residentes. Se dedica, junto con los Estados miembros, cada uno en el marco de sus competencias, a promover los servicios de inter\u00e9s general en tanto que garantes de los derechos fundamentales, elementos del modelo social europeo y v\u00ednculos de pertenencia a la sociedad del conjunto de ciudadanos, ciudadanas y residentes. Cada Estado miembro est\u00e1 llamado a garantizar el acceso a servicios de inter\u00e9s general de calidad para todos los ciudadanos y residentes. Cada Estado miembro est\u00e1 llamado a asegurar su funcionamiento y financiamiento. Una ley marco europea precisar\u00e1 estos principios a nivel de la Uni\u00f3n. La Uni\u00f3n vigila para que se respete el principio de subsidiaridad y de libre administraci\u00f3n de las colectividades locales.<br \/>\nArt\u00edculo V &#8211; El Parlamento europeo queda encargado de elaborar una Carta del desarrollo sostenible que ser\u00e1 integrada en el Tratado constitucional del mismo modo que la Carta de los derechos fundamentales. Esta carta del desarrollo sostenible deber\u00e1 ser adoptada antes de 2009.<br \/>\nArt\u00edculo VI &#8211; Europa reconoce el derecho de los pueblos a la autosuficiencia alimentaria. Desde la adopci\u00f3n de esta Constituci\u00f3n, la Uni\u00f3n debe hacer coherentes con este principio sus posiciones en las negociaciones internacionales. Parar las exportaciones subvencionadas, regulaci\u00f3n de los vol\u00famenes y de los precios de las grandes producciones&#8230; en coherencia con este principio, la Uni\u00f3n debe reformar su propia pol\u00edtica agr\u00edcola durante el a\u00f1o siguiente a la adopci\u00f3n de este Tratado constitucional.<br \/>\nArt\u00edculo VII &#8211; La pol\u00edtica comercial de la Uni\u00f3n se fundamenta en los principios de reducci\u00f3n de las desigualdades, de solidaridad y de desarrollo sostenible. Cada a\u00f1o, el Parlamento europeo debatir\u00e1 sobre el balance de la pol\u00edtica comercial de la Uni\u00f3n y de sus objetivos.<\/p>\n","protected":false},"excerpt":{"rendered":"<p>Leyendo el art\u00edculo \u00ab[\u00abEuropa S.A.\u00bb:http:\/\/www.lainsignia.org\/2004\/julio\/econ_001.htm]\u00bb de Joaqu\u00edn Arriola en \u00abLa Insignia\u00bb, me he enterado de la interesante iniciativa \u00ab[\u00abUni\u00f3n por la Europa Social\u00bb:http:\/\/www.europesociale.com\/]\u00bb, de un grupo de socialistas franceses. Este grupo propone que la futura Constituci\u00f3n Europea contemple que el \u00abdesarrollo de la Europa social\u00bb debe tener el mismo nivel que la Europa de los&hellip;&nbsp;<a href=\"https:\/\/junjan.org\/wordpress\/2004\/07\/europa_social\/\" rel=\"bookmark\">Leer m\u00e1s &raquo;<span class=\"screen-reader-text\">Europa Social<\/span><\/a><\/p>\n","protected":false},"author":1,"featured_media":0,"comment_status":"open","ping_status":"open","sticky":false,"template":"","format":"standard","meta":{"neve_meta_sidebar":"","neve_meta_container":"","neve_meta_enable_content_width":"","neve_meta_content_width":0,"neve_meta_title_alignment":"","neve_meta_author_avatar":"","neve_post_elements_order":"","neve_meta_disable_header":"","neve_meta_disable_footer":"","neve_meta_disable_title":"","footnotes":""},"categories":[5],"tags":[],"class_list":["post-191","post","type-post","status-publish","format-standard","hentry","category-actualidad"],"_links":{"self":[{"href":"https:\/\/junjan.org\/wordpress\/wp-json\/wp\/v2\/posts\/191","targetHints":{"allow":["GET"]}}],"collection":[{"href":"https:\/\/junjan.org\/wordpress\/wp-json\/wp\/v2\/posts"}],"about":[{"href":"https:\/\/junjan.org\/wordpress\/wp-json\/wp\/v2\/types\/post"}],"author":[{"embeddable":true,"href":"https:\/\/junjan.org\/wordpress\/wp-json\/wp\/v2\/users\/1"}],"replies":[{"embeddable":true,"href":"https:\/\/junjan.org\/wordpress\/wp-json\/wp\/v2\/comments?post=191"}],"version-history":[{"count":0,"href":"https:\/\/junjan.org\/wordpress\/wp-json\/wp\/v2\/posts\/191\/revisions"}],"wp:attachment":[{"href":"https:\/\/junjan.org\/wordpress\/wp-json\/wp\/v2\/media?parent=191"}],"wp:term":[{"taxonomy":"category","embeddable":true,"href":"https:\/\/junjan.org\/wordpress\/wp-json\/wp\/v2\/categories?post=191"},{"taxonomy":"post_tag","embeddable":true,"href":"https:\/\/junjan.org\/wordpress\/wp-json\/wp\/v2\/tags?post=191"}],"curies":[{"name":"wp","href":"https:\/\/api.w.org\/{rel}","templated":true}]}}