{"id":1929,"date":"2011-11-19T13:20:07","date_gmt":"2011-11-19T12:20:07","guid":{"rendered":"http:\/\/junjan.org\/wordpress\/?p=1929"},"modified":"2012-02-04T01:49:04","modified_gmt":"2012-02-04T00:49:04","slug":"%c2%a1reflexionad-malditos","status":"publish","type":"post","link":"https:\/\/junjan.org\/wordpress\/2011\/11\/%c2%a1reflexionad-malditos\/","title":{"rendered":"\u00a1Reflexionad malditos!"},"content":{"rendered":"<p>Otra jornada de reflexi\u00f3n. Me pregunto si hay alguien que realmente reflexione antes de votar, o en otras palabras, \u00bfse vota racionalmente? Yo dir\u00eda que no.<\/p>\n<p>Por si alguien quiere hacer este ejercicio, ah\u00ed va algo de informaci\u00f3n:<\/p>\n<div class=\"nv-iframe-embed\"><iframe loading=\"lazy\" title=\"VIDEO 20N.mp4 15M MALILLA\" width=\"1200\" height=\"675\" src=\"https:\/\/www.youtube.com\/embed\/RfFZZZz9SoA?feature=oembed\" frameborder=\"0\" allow=\"accelerometer; autoplay; clipboard-write; encrypted-media; gyroscope; picture-in-picture\" allowfullscreen><\/iframe><\/div>\n<div class=\"nv-iframe-embed\"><iframe loading=\"lazy\" title=\"I\u00f1aki Gabilondo: Adi\u00f3s, democracia\" width=\"1200\" height=\"900\" src=\"https:\/\/www.youtube.com\/embed\/DkBmTHiAkOQ?feature=oembed\" frameborder=\"0\" allow=\"accelerometer; autoplay; clipboard-write; encrypted-media; gyroscope; picture-in-picture\" allowfullscreen><\/iframe><\/div>\n<div class=\"nv-iframe-embed\"><iframe loading=\"lazy\" title=\"#aritmEtica20N presenta #cambialeslacara\" width=\"1200\" height=\"675\" src=\"https:\/\/www.youtube.com\/embed\/i7SdXlwOgYk?feature=oembed\" frameborder=\"0\" allow=\"accelerometer; autoplay; clipboard-write; encrypted-media; gyroscope; picture-in-picture\" allowfullscreen><\/iframe><\/div>\n<p>La tabla con los partidos minoritarios con m\u00e1s opciones de obtener esca\u00f1os por provincias <a href=\"http:\/\/aritmetica20n.wordpress.com\/calculos\/\" target=\"_blank\">aqu\u00ed.<\/a><\/p>\n<p>Para aquellos que adem\u00e1s de protestar votando a partidos minoritarios (o votando nulo) quieran protestar activamente contra el sistema electoral, la plataforma <a href=\"http:\/\/www.facebook.com\/events\/308436079169266\/\" target=\"_blank\">\u00abDemocracia Real Ya<\/a>\u00bb propone hacer una reclamaci\u00f3n masiva\u00a0o <a href=\"http:\/\/es.scribd.com\/doc\/72965220\/PARA-COMPROBAR-DoRiYakiTU-Reclama-Ante-La-Mesa-Electoral\" target=\"_blank\">DoRiYAkiTU<\/a>.<\/p>\n<p>Actualizaci\u00f3n 14:07: Parece que la Junta Electoral Central no est\u00e1 por la labor de permitir que los <a href=\"http:\/\/www.democraciarealya.es\/blog\/2011\/11\/19\/comunicadojuntaelectoral\/\" target=\"_blank\">electores hagan reclamaciones<\/a>, \u00a1Qu\u00e9 sorpresa!<\/p>\n","protected":false},"excerpt":{"rendered":"<p>Otra jornada de reflexi\u00f3n. Me pregunto si hay alguien que realmente reflexione antes de votar, o en otras palabras, \u00bfse vota racionalmente? Yo dir\u00eda que no. Por si alguien quiere hacer este ejercicio, ah\u00ed va algo de informaci\u00f3n: La tabla con los partidos minoritarios con m\u00e1s opciones de obtener esca\u00f1os por provincias aqu\u00ed. Para aquellos&hellip;&nbsp;<a href=\"https:\/\/junjan.org\/wordpress\/2011\/11\/%c2%a1reflexionad-malditos\/\" rel=\"bookmark\">Leer m\u00e1s &raquo;<span class=\"screen-reader-text\">\u00a1Reflexionad malditos!<\/span><\/a><\/p>\n","protected":false},"author":1,"featured_media":0,"comment_status":"open","ping_status":"open","sticky":false,"template":"","format":"standard","meta":{"neve_meta_sidebar":"","neve_meta_container":"","neve_meta_enable_content_width":"","neve_meta_content_width":0,"neve_meta_title_alignment":"","neve_meta_author_avatar":"","neve_post_elements_order":"","neve_meta_disable_header":"","neve_meta_disable_footer":"","neve_meta_disable_title":"","footnotes":""},"categories":[5],"tags":[756,841,840,842,843],"class_list":["post-1929","post","type-post","status-publish","format-standard","hentry","category-actualidad","tag-20n","tag-aritmetica20n","tag-cambialeslacara","tag-nolesvotes","tag-votaaotros"],"_links":{"self":[{"href":"https:\/\/junjan.org\/wordpress\/wp-json\/wp\/v2\/posts\/1929","targetHints":{"allow":["GET"]}}],"collection":[{"href":"https:\/\/junjan.org\/wordpress\/wp-json\/wp\/v2\/posts"}],"about":[{"href":"https:\/\/junjan.org\/wordpress\/wp-json\/wp\/v2\/types\/post"}],"author":[{"embeddable":true,"href":"https:\/\/junjan.org\/wordpress\/wp-json\/wp\/v2\/users\/1"}],"replies":[{"embeddable":true,"href":"https:\/\/junjan.org\/wordpress\/wp-json\/wp\/v2\/comments?post=1929"}],"version-history":[{"count":7,"href":"https:\/\/junjan.org\/wordpress\/wp-json\/wp\/v2\/posts\/1929\/revisions"}],"predecessor-version":[{"id":1934,"href":"https:\/\/junjan.org\/wordpress\/wp-json\/wp\/v2\/posts\/1929\/revisions\/1934"}],"wp:attachment":[{"href":"https:\/\/junjan.org\/wordpress\/wp-json\/wp\/v2\/media?parent=1929"}],"wp:term":[{"taxonomy":"category","embeddable":true,"href":"https:\/\/junjan.org\/wordpress\/wp-json\/wp\/v2\/categories?post=1929"},{"taxonomy":"post_tag","embeddable":true,"href":"https:\/\/junjan.org\/wordpress\/wp-json\/wp\/v2\/tags?post=1929"}],"curies":[{"name":"wp","href":"https:\/\/api.w.org\/{rel}","templated":true}]}}