{"id":1973,"date":"2012-01-07T00:28:07","date_gmt":"2012-01-06T23:28:07","guid":{"rendered":"http:\/\/junjan.org\/wordpress\/?p=1973"},"modified":"2012-01-07T00:28:59","modified_gmt":"2012-01-06T23:28:59","slug":"los-numeros-que-deberia-hacer-el-gobierno-y-que-nunca-hara","status":"publish","type":"post","link":"https:\/\/junjan.org\/wordpress\/2012\/01\/los-numeros-que-deberia-hacer-el-gobierno-y-que-nunca-hara\/","title":{"rendered":"Los n\u00fameros que deber\u00eda hacer el gobierno (y que nunca har\u00e1)"},"content":{"rendered":"<p>El <a href=\"http:\/\/politica.elpais.com\/politica\/2011\/12\/30\/actualidad\/1325260666_553681.html\" target=\"_blank\">decretazo\u00a0econ\u00f3mico<\/a>\u00a0del PP quiere \u00abreducir\u00bb en una primera fase los gastos del estado en 8.900 millones de euros, desmontando el poco estado del bienestar que tanto hab\u00eda\u00a0costado\u00a0conseguir, y adem\u00e1s quiere recaudar 6.000 millones de euros m\u00e1s a base de aumentar los impuestos a las clases medias y bajas. Totalmente il\u00f3gico teniendo en cuenta la gran cantidad de gastos\u00a0superfluos\u00a0que tiene nuestro estado.<\/p>\n<p>Por ejemplo, si <a href=\"http:\/\/junjan.org\/wordpress\/2011\/06\/numeros-que-indignan-2\/\" target=\"_blank\">sumamos<\/a> los gastos de las\u00a0<a href=\"http:\/\/www.europapress.es\/nacional\/noticia-diputaciones-provinciales-tienen-presupuesto-anual-mas-6800-millones-euros-forales-casi-triplican-20100607185807.html\" target=\"_blank\">diputaciones provinciales y forales<\/a>, la aportaci\u00f3n p\u00fablica al <a href=\"http:\/\/es.wikipedia.org\/wiki\/FROB\" target=\"_blank\">fondo de reestructuraci\u00f3n ordenada bancaria<\/a>, la<a href=\"http:\/\/www.publico.es\/espana\/284410\/mas-de-6-000-millones-de-euros-para-financiar-la-iglesia-catolica\" target=\"_blank\">\u00a0financiaci\u00f3n de la iglesia cat\u00f3lica<\/a>, el Senado, la Casa Real, del \u201cApoyo a la gesti\u00f3n administrativa de la jefatura del Estado\u201d, <a href=\"http:\/\/www.elmundo.es\/especiales\/2004\/04\/espana\/bodareal\/reportaje_coches.html\" target=\"_blank\">veh\u00edculos oficiales\u00a0<\/a>de la Casa Real y\u00a0las Fundaciones de los partidos pol\u00edticos, el estado se gasta unos 20.000 millones. Adem\u00e1s tenemos lo que ha gastado y sigue gastando el Ministerio de Defensa <a href=\"http:\/\/es.scribd.com\/doc\/58795239\/LA-VERDAD-DEL-GASTO-MILITAR-ESPANOL-2011\" target=\"_blank\">en nuevo equipamiento e investigaci\u00f3n militar<\/a> para esa gran cantidad de guerras en las que estamos implicados (unos 3.000 millones entre nuevo equipamiento e I+D), y el aumento de compras de <a href=\"http:\/\/www.diariodesevilla.es\/article\/opinion\/1150874\/los\/cuatro\/jinetes.html\" target=\"_blank\">material anti-disturbios<\/a> por parte de la Guardia Civil ( (\u00bfpara qu\u00e9?). Ya ni comentar\u00e9 que no hay reducci\u00f3n alguna en los fondos p\u00fablicos que se llevan los\u00a0partidos pol\u00edticos, la patronal y los sindicatos (excepto la CNT), que vienen a ingresar unos 3.000 millones anuales. Imposible calcular el monto de subvenciones y premios totalmente idiotas que se conceden entre todos los Ministerios.<\/p>\n","protected":false},"excerpt":{"rendered":"<p>El decretazo\u00a0econ\u00f3mico\u00a0del PP quiere \u00abreducir\u00bb en una primera fase los gastos del estado en 8.900 millones de euros, desmontando el poco estado del bienestar que tanto hab\u00eda\u00a0costado\u00a0conseguir, y adem\u00e1s quiere recaudar 6.000 millones de euros m\u00e1s a base de aumentar los impuestos a las clases medias y bajas. Totalmente il\u00f3gico teniendo en cuenta la gran&hellip;&nbsp;<a href=\"https:\/\/junjan.org\/wordpress\/2012\/01\/los-numeros-que-deberia-hacer-el-gobierno-y-que-nunca-hara\/\" rel=\"bookmark\">Leer m\u00e1s &raquo;<span class=\"screen-reader-text\">Los n\u00fameros que deber\u00eda hacer el gobierno (y que nunca har\u00e1)<\/span><\/a><\/p>\n","protected":false},"author":1,"featured_media":0,"comment_status":"open","ping_status":"open","sticky":false,"template":"","format":"standard","meta":{"neve_meta_sidebar":"","neve_meta_container":"","neve_meta_enable_content_width":"","neve_meta_content_width":0,"neve_meta_title_alignment":"","neve_meta_author_avatar":"","neve_post_elements_order":"","neve_meta_disable_header":"","neve_meta_disable_footer":"","neve_meta_disable_title":"","footnotes":""},"categories":[5],"tags":[848,764,763,507],"class_list":["post-1973","post","type-post","status-publish","format-standard","hentry","category-actualidad","tag-decretazo","tag-indignados","tag-numeros","tag-pp"],"_links":{"self":[{"href":"https:\/\/junjan.org\/wordpress\/wp-json\/wp\/v2\/posts\/1973","targetHints":{"allow":["GET"]}}],"collection":[{"href":"https:\/\/junjan.org\/wordpress\/wp-json\/wp\/v2\/posts"}],"about":[{"href":"https:\/\/junjan.org\/wordpress\/wp-json\/wp\/v2\/types\/post"}],"author":[{"embeddable":true,"href":"https:\/\/junjan.org\/wordpress\/wp-json\/wp\/v2\/users\/1"}],"replies":[{"embeddable":true,"href":"https:\/\/junjan.org\/wordpress\/wp-json\/wp\/v2\/comments?post=1973"}],"version-history":[{"count":2,"href":"https:\/\/junjan.org\/wordpress\/wp-json\/wp\/v2\/posts\/1973\/revisions"}],"predecessor-version":[{"id":1975,"href":"https:\/\/junjan.org\/wordpress\/wp-json\/wp\/v2\/posts\/1973\/revisions\/1975"}],"wp:attachment":[{"href":"https:\/\/junjan.org\/wordpress\/wp-json\/wp\/v2\/media?parent=1973"}],"wp:term":[{"taxonomy":"category","embeddable":true,"href":"https:\/\/junjan.org\/wordpress\/wp-json\/wp\/v2\/categories?post=1973"},{"taxonomy":"post_tag","embeddable":true,"href":"https:\/\/junjan.org\/wordpress\/wp-json\/wp\/v2\/tags?post=1973"}],"curies":[{"name":"wp","href":"https:\/\/api.w.org\/{rel}","templated":true}]}}