{"id":198,"date":"2004-07-06T00:54:25","date_gmt":"2004-07-06T00:54:25","guid":{"rendered":"http:\/\/junjan.org\/wordpress\/?p=198"},"modified":"2004-07-06T00:54:25","modified_gmt":"2004-07-06T00:54:25","slug":"monoltico","status":"publish","type":"post","link":"https:\/\/junjan.org\/wordpress\/2004\/07\/monoltico\/","title":{"rendered":"Monol\u00edtico"},"content":{"rendered":"<p>Jose Mar\u00eda Aznar sigue monol\u00edtico en su cantinela. Cita de \u00ab[\u00abEl Pa\u00eds\u00bb:http:\/\/www.elpais.es\/articuloCompleto.html?d_date=&#038;xref=20040705elpepunac_6&#038;type=Tes&#038;anchor=elpporesp]\u00bb, ver tambi\u00e9n en \u00ab[\u00abEl Mundo\u00bb:http:\/\/www.elmundo.es\/elmundo\/2004\/07\/05\/espana\/1089029423.html]\u00bb.<\/p>\n<div class=\"citation\">\nEl ex presidente ha reaparecido para inaugurar los cursos de verano de la Fundaci\u00f3n FAES que \u00e9l preside. En ese escenario, se ha despachado con el nuevo Gobierno socialista, empezando por la propia victoria electoral, que a su juicio se produjo \u201ccomo consecuencia del 11-M; ellos lo saben y los dem\u00e1s tambi\u00e9n. Antes del 11-M no ten\u00edan proyecto; ellos lo sab\u00edan y los dem\u00e1s tambi\u00e9n. Y no esperaban gobernar; ellos no lo esperaban y los dem\u00e1s tampoco\u201d. Al hilo de estos acontecimientos, ha criticado las manifestaciones ante las sedes del PP en la jornada de reflexi\u00f3n, calific\u00e1ndola como \u201cprofundamente antidemocr\u00e1tica\u201d que recuerda. Adem\u00e1s, considera que los promotores de esas concentraciones, que sit\u00faa \u201cen la izquierda pol\u00edtica\u00bb y que \u201cenviaron a miles de personas a coaccionar a ciudadanos libres y pac\u00edficos en una democracia libre y pac\u00edfica, llevar\u00e1n \u00abun bald\u00f3n colgado del cuello toda su vida\u00bb.\n<\/div>\n<p>La discusi\u00f3n es inutil. Cuando uno se imagina el mundo, pasan estas cosas, eres el \u00fanico que ve determinadas cosas.<br \/>\nSu \u00abvisi\u00f3n\u00bb de los aconticimientos del [\u00ab14-M\u00bb:http:\/\/www.junjan.org\/weblog\/archives\/2004\/03\/14\/sms_paginas_web_y_correo_electronico.html], sigue siendo una alucinaci\u00f3n cuasi-narc\u00f3tica,  como ya la describieron sus \u00abcohortes\u00bb:http:\/\/www.junjan.org\/weblog\/archives\/2004\/03\/15\/bilis.html el d\u00eda despu\u00e9s. Eso si, ahora resulta que adem\u00e1s de ser parte de \u201cla facci\u00f3n torva y resentida de la izquierda espa\u00f1ola\u201d y de haber sido convocado por  \u201corganizaciones de la extrema radical desde los tel\u00e9fonos celulares\u201d,  he coaccionado a algunos ciudadanos libres y pac\u00edficos.<br \/>\nNo se si voy a poder dormir.<\/p>\n","protected":false},"excerpt":{"rendered":"<p>Jose Mar\u00eda Aznar sigue monol\u00edtico en su cantinela. Cita de \u00ab[\u00abEl Pa\u00eds\u00bb:http:\/\/www.elpais.es\/articuloCompleto.html?d_date=&#038;xref=20040705elpepunac_6&#038;type=Tes&#038;anchor=elpporesp]\u00bb, ver tambi\u00e9n en \u00ab[\u00abEl Mundo\u00bb:http:\/\/www.elmundo.es\/elmundo\/2004\/07\/05\/espana\/1089029423.html]\u00bb. El ex presidente ha reaparecido para inaugurar los cursos de verano de la Fundaci\u00f3n FAES que \u00e9l preside. En ese escenario, se ha despachado con el nuevo Gobierno socialista, empezando por la propia victoria electoral, que a su&hellip;&nbsp;<a href=\"https:\/\/junjan.org\/wordpress\/2004\/07\/monoltico\/\" rel=\"bookmark\">Leer m\u00e1s &raquo;<span class=\"screen-reader-text\">Monol\u00edtico<\/span><\/a><\/p>\n","protected":false},"author":1,"featured_media":0,"comment_status":"open","ping_status":"open","sticky":false,"template":"","format":"standard","meta":{"neve_meta_sidebar":"","neve_meta_container":"","neve_meta_enable_content_width":"","neve_meta_content_width":0,"neve_meta_title_alignment":"","neve_meta_author_avatar":"","neve_post_elements_order":"","neve_meta_disable_header":"","neve_meta_disable_footer":"","neve_meta_disable_title":"","footnotes":""},"categories":[5],"tags":[],"class_list":["post-198","post","type-post","status-publish","format-standard","hentry","category-actualidad"],"_links":{"self":[{"href":"https:\/\/junjan.org\/wordpress\/wp-json\/wp\/v2\/posts\/198","targetHints":{"allow":["GET"]}}],"collection":[{"href":"https:\/\/junjan.org\/wordpress\/wp-json\/wp\/v2\/posts"}],"about":[{"href":"https:\/\/junjan.org\/wordpress\/wp-json\/wp\/v2\/types\/post"}],"author":[{"embeddable":true,"href":"https:\/\/junjan.org\/wordpress\/wp-json\/wp\/v2\/users\/1"}],"replies":[{"embeddable":true,"href":"https:\/\/junjan.org\/wordpress\/wp-json\/wp\/v2\/comments?post=198"}],"version-history":[{"count":0,"href":"https:\/\/junjan.org\/wordpress\/wp-json\/wp\/v2\/posts\/198\/revisions"}],"wp:attachment":[{"href":"https:\/\/junjan.org\/wordpress\/wp-json\/wp\/v2\/media?parent=198"}],"wp:term":[{"taxonomy":"category","embeddable":true,"href":"https:\/\/junjan.org\/wordpress\/wp-json\/wp\/v2\/categories?post=198"},{"taxonomy":"post_tag","embeddable":true,"href":"https:\/\/junjan.org\/wordpress\/wp-json\/wp\/v2\/tags?post=198"}],"curies":[{"name":"wp","href":"https:\/\/api.w.org\/{rel}","templated":true}]}}